{"id":34,"date":"2019-01-23T00:00:00","date_gmt":"2019-01-22T23:00:00","guid":{"rendered":"https:\/\/www.prazskybarcamp.cz\/blog\/kdy-se-praxe-nepocita"},"modified":"2020-02-19T22:52:08","modified_gmt":"2020-02-19T21:52:08","slug":"kdy-se-praxe-nepocita","status":"publish","type":"post","link":"https:\/\/www.prazskybarcamp.cz\/blog\/kdy-se-praxe-nepocita\/","title":{"rendered":"Kdy se praxe nepo\u010d\u00edt\u00e1"},"content":{"rendered":"<span class=\"rt-reading-time\" style=\"display: block;\"><span class=\"rt-label rt-prefix\">Doba \u010dten\u00ed: <\/span> <span class=\"rt-time\">&lt; 1<\/span> <span class=\"rt-label rt-postfix\">minuta<\/span><\/span><p>&nbsp;<\/p>\n<p dir=\"ltr\"><strong><br \/>\nKdy se praxe NEpo\u010d\u00edt\u00e1?<\/strong><\/p>\n<p dir=\"ltr\">Moment\u00e1ln\u011b m\u00e1 \u010cesk\u00e1 Republika nejni\u017e\u0161\u00ed \u00farove\u0148 nezam\u011bstnanosti v Evrop\u011b, ale hledan\u00ed prvn\u00edho zam\u011bstn\u00e1n\u00ed po \u0161kole je v\u00fdzva i v t\u011bchto podm\u00ednk\u00e1ch. Firmy bojuj\u00ed o mlad\u00e9 talenty a nab\u00edzej\u00ed l\u00e1kav\u00e9 benefity, firemn\u00ed vzd\u011bl\u00e1v\u00e1n\u00ed, \u201ecool\u201c kancel\u00e1\u0159e. Ale bojovat mus\u00ed i absolventi.<\/p>\n<p><!--more--><\/p>\n<p dir=\"ltr\">Podle personalist\u016f: Nejv\u011bt\u0161\u00ed konkuren\u010dn\u00ed v\u00fdhodou, podle personalist\u016f jsou zpravidla praktick\u00e9 a \u201cm\u011bkk\u00e9\u201d dovednosti, kter\u00e9 po\u017eaduje zam\u011bstnavatel na ur\u010ditou pozici. N\u011bco se d\u00e1 nau\u010dit ve \u0161kole (jazyky, z\u00e1klady \u00fa\u010detnictv\u00ed nebo programovan\u00ed), ale praktickou dimenzi akademick\u00e9 znalosti nab\u00fdvaj\u00ed jen na st\u00e1\u017ei, praxi, brig\u00e1d\u011b. Tot\u00e9\u017e pl\u00e1t\u00ed pro soft skills: s lidmi se nau\u010d\u00ed\u0161 komunikovat jen d\u00edky vlastn\u00ed zku\u0161enosti, a\u0165 u\u017e je to st\u00e1\u017e v nadn\u00e1rodn\u00ed korporaci nebo brig\u00e1da v hospod\u011b.<\/p>\n<p>&nbsp;<\/p>\n<p dir=\"ltr\"><strong>Co se po\u010d\u00edt\u00e1?<\/strong><\/p>\n<p dir=\"ltr\">V\u00fdhodou st\u00e1\u017ei je jej\u00ed koncentrovan\u00e1 forma a relevance k budouc\u00edmu pracovn\u00edmu uplatn\u011bn\u00ed. I krat\u0161\u00ed st\u00e1\u017e d\u00e1v\u00e1 n\u00e1hled do intern\u00edch proces\u016f v organizaci a do budoucna bude\u0161 m\u00edt lep\u0161\u00ed p\u0159edstavu, zda chce\u0161 v podobn\u00e9 organizaci pracovat, co vlastn\u011b tam chce\u0161 d\u011blat, nebo zda ti bude sp\u00ed\u0161e vyhovovat pr\u00e1ce na voln\u00e9 noze.<\/p>\n<p>&nbsp;<\/p>\n<p dir=\"ltr\"><strong>Co se nepo\u010d\u00edt\u00e1? (budete se divit)<\/strong><\/p>\n<p dir=\"ltr\">M\u00e1m za sebou des\u00edtky pohovor\u016f s absolventy, kde se bav\u00edme o tom, co cht\u011bj\u00ed d\u011blat. Naprost\u00e1 v\u011bt\u0161ina nev\u00ed, co je jej\u00edch \u201cdream job\u201d. Jsou chyt\u0159\u00ed, schopn\u00ed, \u010dasto ambici\u00f3zn\u00ed, ale na ot\u00e1zku jakou pr\u00e1ci hledaj\u00ed, zpravidla sly\u0161\u00edm obecn\u00e9 odpov\u011bdi: \u201cpr\u00e1ce v \u00fasp\u011b\u0161n\u00e9 mezin\u00e1rodn\u00ed spole\u010dnosti\u201d, \u201epr\u00e1ce, kter\u00e1 m\u011b bude bavit\u201c, \u201epr\u00e1ce, kter\u00e1 souvis\u00ed s m\u00fdm oborem\u201c atd. Ti, kte\u0159\u00ed n\u011bjakou pr\u00e1ci u\u017e prakticky vyzkou\u0161eli, maj\u00ed konkr\u00e9tn\u011bj\u0161\u00ed p\u0159edstavy. Z\u00e1rove\u0148, takov\u00e1 konkretizace pom\u00e1h\u00e1 se lepe prezentovat potenci\u00e1ln\u00edmu zam\u011bstnavateli a prok\u00e1zat svou motivaci ke konkr\u00e9tn\u00ed pracovn\u00ed pozici, co\u017e je u absolventsk\u00fdch pozic rozhoduj\u00edc\u00ed.<\/p>\n<p>&nbsp;<\/p>\n<p><strong>\u00a0<\/strong><\/p>\n<p dir=\"ltr\"><strong>V\u00fdsledek<\/strong><\/p>\n<p dir=\"ltr\">St\u00e1\u017e z tebe prof\u00edka neud\u011bl\u00e1. Z\u00edsk\u00e1\u0161 p\u0159esto dovednost\u00ed, kter\u00e9 t\u011b \u0161kola nenau\u010d\u00ed, z\u00edsk\u00e1\u0161 n\u00e1hled do toho, jak potenci\u00e1ln\u00ed zam\u011bstnavatel mu\u017ee fungovat, a porozum\u011bn\u00ed tomu, co vlastn\u011b chce\u0161 d\u011blat. A to je k nezaplacen\u00ed.<\/p>\n<p>&nbsp;<\/p>\n<p>&nbsp;<\/p>\n<p dir=\"ltr\">Kristina Shershun<\/p>\n<p><strong>Kam d\u00e1l?<\/strong><\/p>\n<p><a href=\"http:\/\/prazskybarcamp.cz\/blog\/proc-se-sebevzdelavat\">Pro\u010d se sebevzd\u011bl\u00e1vat?<\/a><\/p>\n<p><a href=\"http:\/\/prazskybarcamp.cz\/blog\/proforientace-aneb-jak-zjistim-co-me-bavi\">Proforientace aneb jak zjistit, co m\u011b bav\u00ed?<\/a><\/p>\n<p><a href=\"http:\/\/prazskybarcamp.cz\/blog\/jak-vybrat-tu-spravnou-vysokou-skolu\">Jak si vybrat tu spr\u00e1vnou vysokou \u0161kolu?<\/a><\/p>\n\r\n\t\t<div class=\"da-reactions-outer TpostID34\">\r\n            \r\n            <div class=\"da-reactions-data da-reactions-container-async center\"\r\n                data-type=\"post\"\r\n                data-id=\"34\"\r\n                data-nonce=\"47651929a9\"\r\n                id=\"da-reactions-slot-post-34\">\r\n                <div class=\"da-reactions-exposed\">\r\n                    <img src=\"https:\/\/www.prazskybarcamp.cz\/blog\/wp-content\/plugins\/da-reactions\/assets\/dist\/loading.svg\" alt=\"Loading spinner\" width=\"64\" height=\"64\" style=\"width:64px; height:64px\" \/>\r\n                <\/div>\r\n            <\/div>\r\n        <\/div>","protected":false},"excerpt":{"rendered":"<p><span class=\"rt-reading-time\" style=\"display: block;\"><span class=\"rt-label rt-prefix\">Doba \u010dten\u00ed: <\/span> <span class=\"rt-time\">&lt; 1<\/span> <span class=\"rt-label rt-postfix\">minuta<\/span><\/span> &nbsp; Kdy se praxe NEpo\u010d\u00edt\u00e1? Moment\u00e1ln\u011b m\u00e1 \u010cesk\u00e1 Republika nejni\u017e\u0161\u00ed \u00farove\u0148 nezam\u011bstnanosti v Evrop\u011b, ale hledan\u00ed prvn\u00edho zam\u011bstn\u00e1n\u00ed po \u0161kole je v\u00fdzva i v t\u011bchto podm\u00ednk\u00e1ch. Firmy bojuj\u00ed o mlad\u00e9 talenty a nab\u00edzej\u00ed l\u00e1kav\u00e9 benefity, firemn\u00ed vzd\u011bl\u00e1v\u00e1n\u00ed, \u201ecool\u201c kancel\u00e1\u0159e. Ale bojovat mus\u00ed i absolventi.<\/p>\n\r\n\t\t<div class=\"da-reactions-outer TpostID34\">\r\n            \r\n            <div class=\"da-reactions-data da-reactions-container-async center\"\r\n                data-type=\"post\"\r\n                data-id=\"34\"\r\n                data-nonce=\"47651929a9\"\r\n                id=\"da-reactions-slot-post-34\">\r\n                <div class=\"da-reactions-exposed\">\r\n                    <img src=\"https:\/\/www.prazskybarcamp.cz\/blog\/wp-content\/plugins\/da-reactions\/assets\/dist\/loading.svg\" alt=\"Loading spinner\" width=\"64\" height=\"64\" style=\"width:64px; height:64px\" \/>\r\n                <\/div>\r\n            <\/div>\r\n        <\/div>","protected":false},"author":2,"featured_media":0,"comment_status":"closed","ping_status":"closed","sticky":false,"template":"","format":"standard","meta":[],"categories":[1],"tags":[],"yoast_head":"<!-- This site is optimized with the Yoast SEO plugin v18.1 - https:\/\/yoast.com\/wordpress\/plugins\/seo\/ -->\n<title>Kdy se praxe nepo\u010d\u00edt\u00e1 - Prazsky Barcamp<\/title>\n<meta name=\"robots\" content=\"index, follow, max-snippet:-1, max-image-preview:large, max-video-preview:-1\" \/>\n<link rel=\"canonical\" href=\"https:\/\/www.prazskybarcamp.cz\/blog\/kdy-se-praxe-nepocita\/\" \/>\n<meta property=\"og:locale\" content=\"cs_CZ\" \/>\n<meta property=\"og:type\" content=\"article\" \/>\n<meta property=\"og:title\" content=\"Kdy se praxe nepo\u010d\u00edt\u00e1 - Prazsky Barcamp\" \/>\n<meta property=\"og:description\" content=\"Doba \u010dten\u00ed: &lt; 1 minuta &nbsp; Kdy se praxe NEpo\u010d\u00edt\u00e1? Moment\u00e1ln\u011b m\u00e1 \u010cesk\u00e1 Republika nejni\u017e\u0161\u00ed \u00farove\u0148 nezam\u011bstnanosti v Evrop\u011b, ale hledan\u00ed prvn\u00edho zam\u011bstn\u00e1n\u00ed po \u0161kole je v\u00fdzva i v t\u011bchto podm\u00ednk\u00e1ch. Firmy bojuj\u00ed o mlad\u00e9 talenty a nab\u00edzej\u00ed l\u00e1kav\u00e9 benefity, firemn\u00ed vzd\u011bl\u00e1v\u00e1n\u00ed, \u201ecool\u201c kancel\u00e1\u0159e. Ale bojovat mus\u00ed i absolventi.\" \/>\n<meta property=\"og:url\" content=\"https:\/\/www.prazskybarcamp.cz\/blog\/kdy-se-praxe-nepocita\/\" \/>\n<meta property=\"og:site_name\" content=\"Prazsky Barcamp\" \/>\n<meta property=\"article:publisher\" content=\"https:\/\/www.facebook.com\/prazskybarcamp\" \/>\n<meta property=\"article:published_time\" content=\"2019-01-22T23:00:00+00:00\" \/>\n<meta property=\"article:modified_time\" content=\"2020-02-19T21:52:08+00:00\" \/>\n<meta name=\"twitter:card\" content=\"summary_large_image\" \/>\n<meta name=\"twitter:creator\" content=\"@prazskybarcamp\" \/>\n<meta name=\"twitter:site\" content=\"@prazskybarcamp\" \/>\n<meta name=\"twitter:label1\" content=\"Napsal(a)\" \/>\n\t<meta name=\"twitter:data1\" content=\"Pavel Kos\u00edk\" \/>\n\t<meta name=\"twitter:label2\" content=\"Odhadovan\u00e1 doba \u010dten\u00ed\" \/>\n\t<meta name=\"twitter:data2\" content=\"2 minuty\" \/>\n<script type=\"application\/ld+json\" class=\"yoast-schema-graph\">{\"@context\":\"https:\/\/schema.org\",\"@graph\":[{\"@type\":\"Organization\",\"@id\":\"https:\/\/www.prazskybarcamp.cz\/blog\/#organization\",\"name\":\"Pra\u017esk\u00fd Barcamp\",\"url\":\"https:\/\/www.prazskybarcamp.cz\/blog\/\",\"sameAs\":[\"https:\/\/www.facebook.com\/prazskybarcamp\",\"https:\/\/www.instagram.com\/prazsky_barcamp\/\",\"https:\/\/www.linkedin.com\/company\/12614304\/admin\/\",\"https:\/\/www.youtube.com\/c\/Pra\u017esk\u00fdBarcamp\",\"https:\/\/twitter.com\/prazskybarcamp\"],\"logo\":{\"@type\":\"ImageObject\",\"@id\":\"https:\/\/www.prazskybarcamp.cz\/blog\/#logo\",\"inLanguage\":\"cs\",\"url\":\"https:\/\/www.prazskybarcamp.cz\/blog\/wp-content\/uploads\/2020\/05\/BC_barva-1.png\",\"contentUrl\":\"https:\/\/www.prazskybarcamp.cz\/blog\/wp-content\/uploads\/2020\/05\/BC_barva-1.png\",\"width\":1324,\"height\":521,\"caption\":\"Pra\u017esk\u00fd Barcamp\"},\"image\":{\"@id\":\"https:\/\/www.prazskybarcamp.cz\/blog\/#logo\"}},{\"@type\":\"WebSite\",\"@id\":\"https:\/\/www.prazskybarcamp.cz\/blog\/#website\",\"url\":\"https:\/\/www.prazskybarcamp.cz\/blog\/\",\"name\":\"Pra\u017esk\u00fd Barcamp\",\"description\":\"Blog slou\u017e\u00edc\u00ed student\u016fm st\u0159edn\u00ed \u0161koly k rychlej\u0161\u00edmu zji\u0161t\u011bn\u00ed, co je bav\u00ed a v \u010dem maj\u00ed sv\u00e9 vlohy a d\u00edky tomu jsou schopni rychlej\u0161\u00edho zapojen\u00ed na trhu pr\u00e1ce.\",\"publisher\":{\"@id\":\"https:\/\/www.prazskybarcamp.cz\/blog\/#organization\"},\"potentialAction\":[{\"@type\":\"SearchAction\",\"target\":{\"@type\":\"EntryPoint\",\"urlTemplate\":\"https:\/\/www.prazskybarcamp.cz\/blog\/?s={search_term_string}\"},\"query-input\":\"required name=search_term_string\"}],\"inLanguage\":\"cs\"},{\"@type\":\"WebPage\",\"@id\":\"https:\/\/www.prazskybarcamp.cz\/blog\/kdy-se-praxe-nepocita\/#webpage\",\"url\":\"https:\/\/www.prazskybarcamp.cz\/blog\/kdy-se-praxe-nepocita\/\",\"name\":\"Kdy se praxe nepo\u010d\u00edt\u00e1 - Prazsky Barcamp\",\"isPartOf\":{\"@id\":\"https:\/\/www.prazskybarcamp.cz\/blog\/#website\"},\"datePublished\":\"2019-01-22T23:00:00+00:00\",\"dateModified\":\"2020-02-19T21:52:08+00:00\",\"breadcrumb\":{\"@id\":\"https:\/\/www.prazskybarcamp.cz\/blog\/kdy-se-praxe-nepocita\/#breadcrumb\"},\"inLanguage\":\"cs\",\"potentialAction\":[{\"@type\":\"ReadAction\",\"target\":[\"https:\/\/www.prazskybarcamp.cz\/blog\/kdy-se-praxe-nepocita\/\"]}]},{\"@type\":\"BreadcrumbList\",\"@id\":\"https:\/\/www.prazskybarcamp.cz\/blog\/kdy-se-praxe-nepocita\/#breadcrumb\",\"itemListElement\":[{\"@type\":\"ListItem\",\"position\":1,\"name\":\"Dom\u016f\",\"item\":\"https:\/\/www.prazskybarcamp.cz\/blog\/\"},{\"@type\":\"ListItem\",\"position\":2,\"name\":\"Kdy se praxe nepo\u010d\u00edt\u00e1\"}]},{\"@type\":\"Article\",\"@id\":\"https:\/\/www.prazskybarcamp.cz\/blog\/kdy-se-praxe-nepocita\/#article\",\"isPartOf\":{\"@id\":\"https:\/\/www.prazskybarcamp.cz\/blog\/kdy-se-praxe-nepocita\/#webpage\"},\"author\":{\"@id\":\"https:\/\/www.prazskybarcamp.cz\/blog\/#\/schema\/person\/656cd128d835a2d0137aee64e3afc315\"},\"headline\":\"Kdy se praxe nepo\u010d\u00edt\u00e1\",\"datePublished\":\"2019-01-22T23:00:00+00:00\",\"dateModified\":\"2020-02-19T21:52:08+00:00\",\"mainEntityOfPage\":{\"@id\":\"https:\/\/www.prazskybarcamp.cz\/blog\/kdy-se-praxe-nepocita\/#webpage\"},\"wordCount\":423,\"publisher\":{\"@id\":\"https:\/\/www.prazskybarcamp.cz\/blog\/#organization\"},\"inLanguage\":\"cs\"},{\"@type\":\"Person\",\"@id\":\"https:\/\/www.prazskybarcamp.cz\/blog\/#\/schema\/person\/656cd128d835a2d0137aee64e3afc315\",\"name\":\"Pavel Kos\u00edk\",\"image\":{\"@type\":\"ImageObject\",\"@id\":\"https:\/\/www.prazskybarcamp.cz\/blog\/#personlogo\",\"inLanguage\":\"cs\",\"url\":\"https:\/\/secure.gravatar.com\/avatar\/dec82ab170618be17b8408f3f85b13e4?s=96&d=mm&r=g\",\"contentUrl\":\"https:\/\/secure.gravatar.com\/avatar\/dec82ab170618be17b8408f3f85b13e4?s=96&d=mm&r=g\",\"caption\":\"Pavel Kos\u00edk\"},\"url\":\"https:\/\/www.prazskybarcamp.cz\/blog\/author\/kosik-paseznam-cz\/\"}]}<\/script>\n<!-- \/ Yoast SEO plugin. -->","yoast_head_json":{"title":"Kdy se praxe nepo\u010d\u00edt\u00e1 - Prazsky Barcamp","robots":{"index":"index","follow":"follow","max-snippet":"max-snippet:-1","max-image-preview":"max-image-preview:large","max-video-preview":"max-video-preview:-1"},"canonical":"https:\/\/www.prazskybarcamp.cz\/blog\/kdy-se-praxe-nepocita\/","og_locale":"cs_CZ","og_type":"article","og_title":"Kdy se praxe nepo\u010d\u00edt\u00e1 - Prazsky Barcamp","og_description":"Doba \u010dten\u00ed: &lt; 1 minuta &nbsp; Kdy se praxe NEpo\u010d\u00edt\u00e1? Moment\u00e1ln\u011b m\u00e1 \u010cesk\u00e1 Republika nejni\u017e\u0161\u00ed \u00farove\u0148 nezam\u011bstnanosti v Evrop\u011b, ale hledan\u00ed prvn\u00edho zam\u011bstn\u00e1n\u00ed po \u0161kole je v\u00fdzva i v t\u011bchto podm\u00ednk\u00e1ch. Firmy bojuj\u00ed o mlad\u00e9 talenty a nab\u00edzej\u00ed l\u00e1kav\u00e9 benefity, firemn\u00ed vzd\u011bl\u00e1v\u00e1n\u00ed, \u201ecool\u201c kancel\u00e1\u0159e. Ale bojovat mus\u00ed i absolventi.","og_url":"https:\/\/www.prazskybarcamp.cz\/blog\/kdy-se-praxe-nepocita\/","og_site_name":"Prazsky Barcamp","article_publisher":"https:\/\/www.facebook.com\/prazskybarcamp","article_published_time":"2019-01-22T23:00:00+00:00","article_modified_time":"2020-02-19T21:52:08+00:00","twitter_card":"summary_large_image","twitter_creator":"@prazskybarcamp","twitter_site":"@prazskybarcamp","twitter_misc":{"Napsal(a)":"Pavel Kos\u00edk","Odhadovan\u00e1 doba \u010dten\u00ed":"2 minuty"},"schema":{"@context":"https:\/\/schema.org","@graph":[{"@type":"Organization","@id":"https:\/\/www.prazskybarcamp.cz\/blog\/#organization","name":"Pra\u017esk\u00fd Barcamp","url":"https:\/\/www.prazskybarcamp.cz\/blog\/","sameAs":["https:\/\/www.facebook.com\/prazskybarcamp","https:\/\/www.instagram.com\/prazsky_barcamp\/","https:\/\/www.linkedin.com\/company\/12614304\/admin\/","https:\/\/www.youtube.com\/c\/Pra\u017esk\u00fdBarcamp","https:\/\/twitter.com\/prazskybarcamp"],"logo":{"@type":"ImageObject","@id":"https:\/\/www.prazskybarcamp.cz\/blog\/#logo","inLanguage":"cs","url":"https:\/\/www.prazskybarcamp.cz\/blog\/wp-content\/uploads\/2020\/05\/BC_barva-1.png","contentUrl":"https:\/\/www.prazskybarcamp.cz\/blog\/wp-content\/uploads\/2020\/05\/BC_barva-1.png","width":1324,"height":521,"caption":"Pra\u017esk\u00fd Barcamp"},"image":{"@id":"https:\/\/www.prazskybarcamp.cz\/blog\/#logo"}},{"@type":"WebSite","@id":"https:\/\/www.prazskybarcamp.cz\/blog\/#website","url":"https:\/\/www.prazskybarcamp.cz\/blog\/","name":"Pra\u017esk\u00fd Barcamp","description":"Blog slou\u017e\u00edc\u00ed student\u016fm st\u0159edn\u00ed \u0161koly k rychlej\u0161\u00edmu zji\u0161t\u011bn\u00ed, co je bav\u00ed a v \u010dem maj\u00ed sv\u00e9 vlohy a d\u00edky tomu jsou schopni rychlej\u0161\u00edho zapojen\u00ed na trhu pr\u00e1ce.","publisher":{"@id":"https:\/\/www.prazskybarcamp.cz\/blog\/#organization"},"potentialAction":[{"@type":"SearchAction","target":{"@type":"EntryPoint","urlTemplate":"https:\/\/www.prazskybarcamp.cz\/blog\/?s={search_term_string}"},"query-input":"required name=search_term_string"}],"inLanguage":"cs"},{"@type":"WebPage","@id":"https:\/\/www.prazskybarcamp.cz\/blog\/kdy-se-praxe-nepocita\/#webpage","url":"https:\/\/www.prazskybarcamp.cz\/blog\/kdy-se-praxe-nepocita\/","name":"Kdy se praxe nepo\u010d\u00edt\u00e1 - Prazsky Barcamp","isPartOf":{"@id":"https:\/\/www.prazskybarcamp.cz\/blog\/#website"},"datePublished":"2019-01-22T23:00:00+00:00","dateModified":"2020-02-19T21:52:08+00:00","breadcrumb":{"@id":"https:\/\/www.prazskybarcamp.cz\/blog\/kdy-se-praxe-nepocita\/#breadcrumb"},"inLanguage":"cs","potentialAction":[{"@type":"ReadAction","target":["https:\/\/www.prazskybarcamp.cz\/blog\/kdy-se-praxe-nepocita\/"]}]},{"@type":"BreadcrumbList","@id":"https:\/\/www.prazskybarcamp.cz\/blog\/kdy-se-praxe-nepocita\/#breadcrumb","itemListElement":[{"@type":"ListItem","position":1,"name":"Dom\u016f","item":"https:\/\/www.prazskybarcamp.cz\/blog\/"},{"@type":"ListItem","position":2,"name":"Kdy se praxe nepo\u010d\u00edt\u00e1"}]},{"@type":"Article","@id":"https:\/\/www.prazskybarcamp.cz\/blog\/kdy-se-praxe-nepocita\/#article","isPartOf":{"@id":"https:\/\/www.prazskybarcamp.cz\/blog\/kdy-se-praxe-nepocita\/#webpage"},"author":{"@id":"https:\/\/www.prazskybarcamp.cz\/blog\/#\/schema\/person\/656cd128d835a2d0137aee64e3afc315"},"headline":"Kdy se praxe nepo\u010d\u00edt\u00e1","datePublished":"2019-01-22T23:00:00+00:00","dateModified":"2020-02-19T21:52:08+00:00","mainEntityOfPage":{"@id":"https:\/\/www.prazskybarcamp.cz\/blog\/kdy-se-praxe-nepocita\/#webpage"},"wordCount":423,"publisher":{"@id":"https:\/\/www.prazskybarcamp.cz\/blog\/#organization"},"inLanguage":"cs"},{"@type":"Person","@id":"https:\/\/www.prazskybarcamp.cz\/blog\/#\/schema\/person\/656cd128d835a2d0137aee64e3afc315","name":"Pavel Kos\u00edk","image":{"@type":"ImageObject","@id":"https:\/\/www.prazskybarcamp.cz\/blog\/#personlogo","inLanguage":"cs","url":"https:\/\/secure.gravatar.com\/avatar\/dec82ab170618be17b8408f3f85b13e4?s=96&d=mm&r=g","contentUrl":"https:\/\/secure.gravatar.com\/avatar\/dec82ab170618be17b8408f3f85b13e4?s=96&d=mm&r=g","caption":"Pavel Kos\u00edk"},"url":"https:\/\/www.prazskybarcamp.cz\/blog\/author\/kosik-paseznam-cz\/"}]}},"_links":{"self":[{"href":"https:\/\/www.prazskybarcamp.cz\/blog\/wp-json\/wp\/v2\/posts\/34"}],"collection":[{"href":"https:\/\/www.prazskybarcamp.cz\/blog\/wp-json\/wp\/v2\/posts"}],"about":[{"href":"https:\/\/www.prazskybarcamp.cz\/blog\/wp-json\/wp\/v2\/types\/post"}],"author":[{"embeddable":true,"href":"https:\/\/www.prazskybarcamp.cz\/blog\/wp-json\/wp\/v2\/users\/2"}],"replies":[{"embeddable":true,"href":"https:\/\/www.prazskybarcamp.cz\/blog\/wp-json\/wp\/v2\/comments?post=34"}],"version-history":[{"count":2,"href":"https:\/\/www.prazskybarcamp.cz\/blog\/wp-json\/wp\/v2\/posts\/34\/revisions"}],"predecessor-version":[{"id":116,"href":"https:\/\/www.prazskybarcamp.cz\/blog\/wp-json\/wp\/v2\/posts\/34\/revisions\/116"}],"wp:attachment":[{"href":"https:\/\/www.prazskybarcamp.cz\/blog\/wp-json\/wp\/v2\/media?parent=34"}],"wp:term":[{"taxonomy":"category","embeddable":true,"href":"https:\/\/www.prazskybarcamp.cz\/blog\/wp-json\/wp\/v2\/categories?post=34"},{"taxonomy":"post_tag","embeddable":true,"href":"https:\/\/www.prazskybarcamp.cz\/blog\/wp-json\/wp\/v2\/tags?post=34"}],"curies":[{"name":"wp","href":"https:\/\/api.w.org\/{rel}","templated":true}]}}