{"id":33,"date":"2019-01-22T00:00:00","date_gmt":"2019-01-21T23:00:00","guid":{"rendered":"https:\/\/www.prazskybarcamp.cz\/blog\/sebeprezentace-na-socialnich-sitich"},"modified":"2020-08-31T12:07:03","modified_gmt":"2020-08-31T10:07:03","slug":"sebeprezentace-na-socialnich-sitich","status":"publish","type":"post","link":"https:\/\/www.prazskybarcamp.cz\/blog\/sebeprezentace-na-socialnich-sitich\/","title":{"rendered":"Sebeprezentace na soci\u00e1ln\u00edch s\u00edt\u00edch"},"content":{"rendered":"<span class=\"rt-reading-time\" style=\"display: block;\"><span class=\"rt-label rt-prefix\">Doba \u010dten\u00ed: <\/span> <span class=\"rt-time\">2<\/span> <span class=\"rt-label rt-postfix\">minuty<\/span><\/span><p>&nbsp;<\/p>\n<p dir=\"ltr\">Facebook a jin\u00e9 soci\u00e1ln\u00ed s\u00edt\u011b je ka\u017edodenn\u00ed z\u00e1bavou a komunika\u010dn\u00edm n\u00e1strojem pro miliony lid\u00ed. Videa, fotky z ve\u010d\u00edrk\u016f, pl\u00e1ny a kontakty. Facebook \u010dasto v\u00ed o n\u00e1s v\u00edc, n\u011b\u017e nejbli\u017e\u0161\u00ed p\u0159\u00e1tel\u00e9, proto\u017ee zaznamen\u00e1 co m\u00e1me rad\u00ed, co komentujeme, jak\u00fdch ud\u00e1losti se \u00fa\u010dastn\u00edme apod. Nen\u00ed divu, \u017ee \u201cst\u00e1lkov\u00e1n\u00ed\u201c na Facebooku pou\u017e\u00edv\u00e1 HR-ista p\u0159ed pracovn\u00edm pohovorem nebo nov\u00fd objev p\u0159ed prvn\u00edm rand\u00ed\u010dkem.<\/p>\n<p dir=\"ltr\"><!--more--><\/p>\n<p dir=\"ltr\"><strong>Jak se st\u00e1t blbcem?<\/strong><\/p>\n<p dir=\"ltr\">Jak se spr\u00e1vn\u011b prezentovat na soci\u00e1ln\u00edch s\u00edt\u00edch a neubl\u00ed\u017eit vlastn\u00edmu obrazu ve \u0161kole, profesn\u00edm a soukrom\u00e9m \u017eivot\u011b? Rad najdete spousty, ale nejd\u016fle\u017eit\u011bj\u0161\u00ed je nastaven\u00ed soukrom\u00ed: Co v\u0161echno zjist\u00ed o ciz\u00ed u\u017eivatel, se dozv\u00edte pomoc\u00ed funkci \u201eView as\u201c na FB. Dobr\u00fd n\u00e1stroj je <a href=\"https:\/\/stalkface.com\/\">stalkface.com<\/a>, kter\u00fd podle URL adresy profil\u016f ukazuje lajky, fotky, koment\u00e1\u0159e, kter\u00e9 jsou ve\u0159ejn\u011b dostupn\u00e9.<\/p>\n<p><strong>\u00a0<\/strong><\/p>\n<p dir=\"ltr\"><strong>Co s t\u00edm?<\/strong><\/p>\n<p dir=\"ltr\">Ka\u017edou jednotlivou fotku \u010di koment\u00e1\u0159, kter\u00e1 se v\u00e1m nezd\u00e1 vhodn\u00e1 pro ve\u0159ejnost m\u016f\u017eete smazat nebo upravit jej\u00ed viditelnost na \u201cPouze j\u00e1\u201d, \u201cP\u0159\u00e1tele\u201d nebo nastavit p\u0159esn\u00fd seznam, kdo z va\u0161ich p\u0159\u00e1tel bude informace dostupn\u00e1.<\/p>\n<p><strong>\u00a0<\/strong><\/p>\n<p dir=\"ltr\"><strong>LinkedIn<\/strong><\/p>\n<p dir=\"ltr\">Co se t\u00fdk\u00e1 ostatn\u00edch soci\u00e1ln\u00edch s\u00edt\u00ed, je pro z\u00edsk\u00e1v\u00e1n\u00ed profesn\u00edch kontakt\u016f ide\u00e1ln\u00ed LinkedIn. A u\u017e d\u00e1vno neplat\u00ed, \u017ee profily tady vytv\u00e1\u0159\u00ed jen zku\u0161en\u00e9 profesion\u00e1ly v IT a top mana\u017ee\u0159i. I pro studenta, bez pracovn\u00edch zku\u0161enost\u00ed, m\u016f\u017ee b\u00fdt LinkedIn \u00a0zdrojem kontakt\u016f. Viditelnost profil\u016f na LinkedInu zaji\u0161\u0165uje po\u010det spojen\u00ed, m\u00edra \u201cvypln\u011bnosti\u201d profilu a p\u0159\u00edtomnost relevantn\u00edch kl\u00ed\u010dov\u00fdch slov, podle kter\u00fdch jedinec m\u016f\u017ee b\u00fdt dohled\u00e1n. Dob\u0159e vypln\u011bn\u00fd, siln\u00fd profil je ozna\u010den jako \u201eAll-star\u201c. Takov\u00fd hv\u011bzdn\u00fd profil z\u00edsk\u00e1te fotkou, vypln\u011bn\u00fdm oborem, lokalitou, vzd\u011bl\u00e1n\u00edm, seznamem nejm\u00e9n\u011b t\u0159i dovednost\u00ed a minim\u00e1ln\u011b 50ti spojen\u00ed.<\/p>\n<p><strong>\u00a0<\/strong><\/p>\n<p dir=\"ltr\"><strong>Vychyt\u00e1vky<\/strong><\/p>\n<p dir=\"ltr\">Pro v\u00edc spojen\u00ed nev\u00e1hejte p\u0159id\u00e1vat Open Networkers, kter\u00e9 u jm\u00e9na maj\u00ed uvedenou zkratku LION (LinkedIn Open Networker) a recruitery. Dobr\u00e9 je p\u0159id\u00e1vat se do tematick\u00fdch skupin, kde naraz\u00edte na lid\u00ed z oboru, kter\u00fd V\u00e1s zaj\u00edm\u00e1 a aktu\u00e1ln\u00ed diskuze. Pokud sami m\u00e1te, co sd\u00edlet, publikujte na vlastn\u00ed str\u00e1nce, formou prezentace SlideShare (kter\u00e1 ale brzy z LinkedInu zmiz\u00ed) a \u201csd\u00edlet ve skupin\u00e1ch\u201d.<\/p>\n<p><strong>\u00a0<\/strong><\/p>\n<p dir=\"ltr\"><strong>Jen pro studenty? Proudly a Angitu<\/strong><\/p>\n<p dir=\"ltr\">Pokud LinkedIn po\u0159ad vn\u00edm\u00e1te jako s\u00ed\u0165 pro zku\u0161en\u00e9 profesion\u00e1ly, zkuste se pod\u00edvat na port\u00e1ly ur\u010den\u00e9 p\u0159\u00edmo pro studenty a absolventy jako<a href=\"http:\/\/www.proudly.cz\/\">\u00a0Proudly<\/a> nebo<a href=\"https:\/\/angitu.net\/\">\u00a0Angitu<\/a>, kde mimo kontakt\u016f z\u00edsk\u00e1te informaci o nab\u00eddk\u00e1ch pr\u00e1ci a st\u00e1\u017e\u00ed, a spousty zaj\u00edmav\u00e9ho kontentu a inspirace.<\/p>\n<p><strong>\u00a0<\/strong><\/p>\n<p dir=\"ltr\"><strong>Jsem Brand! James Brand<\/strong><\/p>\n<p dir=\"ltr\">Je d\u016fle\u017eit\u00e9 myslet na to, \u017ee digit\u00e1ln\u00ed stopa na Facebooku, LinkedInu, Instagramu nebo specializovan\u00fdch f\u00f3rech p\u0159isp\u00edv\u00e1 k vytv\u00e1\u0159en\u00ed osobn\u00edho \u201cbrandu\u201d , a nikdy nen\u00ed brzy za\u010d\u00edt tento brand vytv\u00e1\u0159et, a\u0165 u\u017e pl\u00e1nujete b\u00fdt \u00a0politiky, startup-ery nebo um\u011blci.<\/p>\n<p><strong>\u00a0<\/strong><\/p>\n<p dir=\"ltr\"><strong>Kristi<\/strong><\/p>\n<p><strong>Kam d\u00e1l?<\/strong><\/p>\n<p><a href=\"http:\/\/prazskybarcamp.cz\/blog\/mooc-je-super-aneb-vzdelavani-online\">Mooc aneb jak se vzd\u011bl\u00e1vat online<\/a><\/p>\n<p><a href=\"http:\/\/prazskybarcamp.cz\/blog\/kdo-vam-zaridi-praxi\">Kdo v\u00e1m za\u0159\u00edd\u00ed praxi<\/a><\/p>\n<p><a href=\"http:\/\/prazskybarcamp.cz\/blog\/knihy-ktere-musite-znat\">Knihy, kter\u00e9 mus\u00edte zn\u00e1t<\/a><\/p>\n\r\n\t\t<div class=\"da-reactions-outer TpostID33\">\r\n            \r\n            <div class=\"da-reactions-data da-reactions-container-async center\"\r\n                data-type=\"post\"\r\n                data-id=\"33\"\r\n                data-nonce=\"99bacabc03\"\r\n                id=\"da-reactions-slot-post-33\">\r\n                <div class=\"da-reactions-exposed\">\r\n                    <img src=\"https:\/\/www.prazskybarcamp.cz\/blog\/wp-content\/plugins\/da-reactions\/assets\/dist\/loading.svg\" alt=\"Loading spinner\" width=\"64\" height=\"64\" style=\"width:64px; height:64px\" \/>\r\n                <\/div>\r\n            <\/div>\r\n        <\/div>","protected":false},"excerpt":{"rendered":"<p><span class=\"rt-reading-time\" style=\"display: block;\"><span class=\"rt-label rt-prefix\">Doba \u010dten\u00ed: <\/span> <span class=\"rt-time\">2<\/span> <span class=\"rt-label rt-postfix\">minuty<\/span><\/span> &nbsp; Facebook a jin\u00e9 soci\u00e1ln\u00ed s\u00edt\u011b je ka\u017edodenn\u00ed z\u00e1bavou a komunika\u010dn\u00edm n\u00e1strojem pro miliony lid\u00ed. Videa, fotky z ve\u010d\u00edrk\u016f, pl\u00e1ny a kontakty. Facebook \u010dasto v\u00ed o n\u00e1s v\u00edc, n\u011b\u017e nejbli\u017e\u0161\u00ed p\u0159\u00e1tel\u00e9, proto\u017ee zaznamen\u00e1 co m\u00e1me rad\u00ed, co komentujeme, jak\u00fdch ud\u00e1losti se \u00fa\u010dastn\u00edme apod. Nen\u00ed divu, \u017ee \u201cst\u00e1lkov\u00e1n\u00ed\u201c na Facebooku pou\u017e\u00edv\u00e1 HR-ista p\u0159ed pracovn\u00edm pohovorem nebo [&hellip;]<\/p>\n\r\n\t\t<div class=\"da-reactions-outer TpostID33\">\r\n            \r\n            <div class=\"da-reactions-data da-reactions-container-async center\"\r\n                data-type=\"post\"\r\n                data-id=\"33\"\r\n                data-nonce=\"99bacabc03\"\r\n                id=\"da-reactions-slot-post-33\">\r\n                <div class=\"da-reactions-exposed\">\r\n                    <img src=\"https:\/\/www.prazskybarcamp.cz\/blog\/wp-content\/plugins\/da-reactions\/assets\/dist\/loading.svg\" alt=\"Loading spinner\" width=\"64\" height=\"64\" style=\"width:64px; height:64px\" \/>\r\n                <\/div>\r\n            <\/div>\r\n        <\/div>","protected":false},"author":2,"featured_media":0,"comment_status":"closed","ping_status":"closed","sticky":false,"template":"","format":"standard","meta":[],"categories":[68],"tags":[],"yoast_head":"<!-- This site is optimized with the Yoast SEO plugin v18.1 - https:\/\/yoast.com\/wordpress\/plugins\/seo\/ -->\n<title>Sebeprezentace na soci\u00e1ln\u00edch s\u00edt\u00edch - Prazsky Barcamp<\/title>\n<meta name=\"robots\" content=\"index, follow, max-snippet:-1, max-image-preview:large, max-video-preview:-1\" \/>\n<link rel=\"canonical\" href=\"https:\/\/www.prazskybarcamp.cz\/blog\/sebeprezentace-na-socialnich-sitich\/\" \/>\n<meta property=\"og:locale\" content=\"cs_CZ\" \/>\n<meta property=\"og:type\" content=\"article\" \/>\n<meta property=\"og:title\" content=\"Sebeprezentace na soci\u00e1ln\u00edch s\u00edt\u00edch - Prazsky Barcamp\" \/>\n<meta property=\"og:description\" content=\"Doba \u010dten\u00ed: 2 minuty &nbsp; Facebook a jin\u00e9 soci\u00e1ln\u00ed s\u00edt\u011b je ka\u017edodenn\u00ed z\u00e1bavou a komunika\u010dn\u00edm n\u00e1strojem pro miliony lid\u00ed. Videa, fotky z ve\u010d\u00edrk\u016f, pl\u00e1ny a kontakty. Facebook \u010dasto v\u00ed o n\u00e1s v\u00edc, n\u011b\u017e nejbli\u017e\u0161\u00ed p\u0159\u00e1tel\u00e9, proto\u017ee zaznamen\u00e1 co m\u00e1me rad\u00ed, co komentujeme, jak\u00fdch ud\u00e1losti se \u00fa\u010dastn\u00edme apod. Nen\u00ed divu, \u017ee \u201cst\u00e1lkov\u00e1n\u00ed\u201c na Facebooku pou\u017e\u00edv\u00e1 HR-ista p\u0159ed pracovn\u00edm pohovorem nebo [&hellip;]\" \/>\n<meta property=\"og:url\" content=\"https:\/\/www.prazskybarcamp.cz\/blog\/sebeprezentace-na-socialnich-sitich\/\" \/>\n<meta property=\"og:site_name\" content=\"Prazsky Barcamp\" \/>\n<meta property=\"article:publisher\" content=\"https:\/\/www.facebook.com\/prazskybarcamp\" \/>\n<meta property=\"article:published_time\" content=\"2019-01-21T23:00:00+00:00\" \/>\n<meta property=\"article:modified_time\" content=\"2020-08-31T10:07:03+00:00\" \/>\n<meta name=\"twitter:card\" content=\"summary_large_image\" \/>\n<meta name=\"twitter:creator\" content=\"@prazskybarcamp\" \/>\n<meta name=\"twitter:site\" content=\"@prazskybarcamp\" \/>\n<meta name=\"twitter:label1\" content=\"Napsal(a)\" \/>\n\t<meta name=\"twitter:data1\" content=\"Pavel Kos\u00edk\" \/>\n\t<meta name=\"twitter:label2\" content=\"Odhadovan\u00e1 doba \u010dten\u00ed\" \/>\n\t<meta name=\"twitter:data2\" content=\"3 minuty\" \/>\n<script type=\"application\/ld+json\" class=\"yoast-schema-graph\">{\"@context\":\"https:\/\/schema.org\",\"@graph\":[{\"@type\":\"Organization\",\"@id\":\"https:\/\/www.prazskybarcamp.cz\/blog\/#organization\",\"name\":\"Pra\u017esk\u00fd Barcamp\",\"url\":\"https:\/\/www.prazskybarcamp.cz\/blog\/\",\"sameAs\":[\"https:\/\/www.facebook.com\/prazskybarcamp\",\"https:\/\/www.instagram.com\/prazsky_barcamp\/\",\"https:\/\/www.linkedin.com\/company\/12614304\/admin\/\",\"https:\/\/www.youtube.com\/c\/Pra\u017esk\u00fdBarcamp\",\"https:\/\/twitter.com\/prazskybarcamp\"],\"logo\":{\"@type\":\"ImageObject\",\"@id\":\"https:\/\/www.prazskybarcamp.cz\/blog\/#logo\",\"inLanguage\":\"cs\",\"url\":\"https:\/\/www.prazskybarcamp.cz\/blog\/wp-content\/uploads\/2020\/05\/BC_barva-1.png\",\"contentUrl\":\"https:\/\/www.prazskybarcamp.cz\/blog\/wp-content\/uploads\/2020\/05\/BC_barva-1.png\",\"width\":1324,\"height\":521,\"caption\":\"Pra\u017esk\u00fd Barcamp\"},\"image\":{\"@id\":\"https:\/\/www.prazskybarcamp.cz\/blog\/#logo\"}},{\"@type\":\"WebSite\",\"@id\":\"https:\/\/www.prazskybarcamp.cz\/blog\/#website\",\"url\":\"https:\/\/www.prazskybarcamp.cz\/blog\/\",\"name\":\"Pra\u017esk\u00fd Barcamp\",\"description\":\"Blog slou\u017e\u00edc\u00ed student\u016fm st\u0159edn\u00ed \u0161koly k rychlej\u0161\u00edmu zji\u0161t\u011bn\u00ed, co je bav\u00ed a v \u010dem maj\u00ed sv\u00e9 vlohy a d\u00edky tomu jsou schopni rychlej\u0161\u00edho zapojen\u00ed na trhu pr\u00e1ce.\",\"publisher\":{\"@id\":\"https:\/\/www.prazskybarcamp.cz\/blog\/#organization\"},\"potentialAction\":[{\"@type\":\"SearchAction\",\"target\":{\"@type\":\"EntryPoint\",\"urlTemplate\":\"https:\/\/www.prazskybarcamp.cz\/blog\/?s={search_term_string}\"},\"query-input\":\"required name=search_term_string\"}],\"inLanguage\":\"cs\"},{\"@type\":\"WebPage\",\"@id\":\"https:\/\/www.prazskybarcamp.cz\/blog\/sebeprezentace-na-socialnich-sitich\/#webpage\",\"url\":\"https:\/\/www.prazskybarcamp.cz\/blog\/sebeprezentace-na-socialnich-sitich\/\",\"name\":\"Sebeprezentace na soci\u00e1ln\u00edch s\u00edt\u00edch - Prazsky Barcamp\",\"isPartOf\":{\"@id\":\"https:\/\/www.prazskybarcamp.cz\/blog\/#website\"},\"datePublished\":\"2019-01-21T23:00:00+00:00\",\"dateModified\":\"2020-08-31T10:07:03+00:00\",\"breadcrumb\":{\"@id\":\"https:\/\/www.prazskybarcamp.cz\/blog\/sebeprezentace-na-socialnich-sitich\/#breadcrumb\"},\"inLanguage\":\"cs\",\"potentialAction\":[{\"@type\":\"ReadAction\",\"target\":[\"https:\/\/www.prazskybarcamp.cz\/blog\/sebeprezentace-na-socialnich-sitich\/\"]}]},{\"@type\":\"BreadcrumbList\",\"@id\":\"https:\/\/www.prazskybarcamp.cz\/blog\/sebeprezentace-na-socialnich-sitich\/#breadcrumb\",\"itemListElement\":[{\"@type\":\"ListItem\",\"position\":1,\"name\":\"Dom\u016f\",\"item\":\"https:\/\/www.prazskybarcamp.cz\/blog\/\"},{\"@type\":\"ListItem\",\"position\":2,\"name\":\"Sebeprezentace na soci\u00e1ln\u00edch s\u00edt\u00edch\"}]},{\"@type\":\"Article\",\"@id\":\"https:\/\/www.prazskybarcamp.cz\/blog\/sebeprezentace-na-socialnich-sitich\/#article\",\"isPartOf\":{\"@id\":\"https:\/\/www.prazskybarcamp.cz\/blog\/sebeprezentace-na-socialnich-sitich\/#webpage\"},\"author\":{\"@id\":\"https:\/\/www.prazskybarcamp.cz\/blog\/#\/schema\/person\/656cd128d835a2d0137aee64e3afc315\"},\"headline\":\"Sebeprezentace na soci\u00e1ln\u00edch s\u00edt\u00edch\",\"datePublished\":\"2019-01-21T23:00:00+00:00\",\"dateModified\":\"2020-08-31T10:07:03+00:00\",\"mainEntityOfPage\":{\"@id\":\"https:\/\/www.prazskybarcamp.cz\/blog\/sebeprezentace-na-socialnich-sitich\/#webpage\"},\"wordCount\":569,\"publisher\":{\"@id\":\"https:\/\/www.prazskybarcamp.cz\/blog\/#organization\"},\"articleSection\":[\"Prezentuj se\"],\"inLanguage\":\"cs\"},{\"@type\":\"Person\",\"@id\":\"https:\/\/www.prazskybarcamp.cz\/blog\/#\/schema\/person\/656cd128d835a2d0137aee64e3afc315\",\"name\":\"Pavel Kos\u00edk\",\"image\":{\"@type\":\"ImageObject\",\"@id\":\"https:\/\/www.prazskybarcamp.cz\/blog\/#personlogo\",\"inLanguage\":\"cs\",\"url\":\"https:\/\/secure.gravatar.com\/avatar\/dec82ab170618be17b8408f3f85b13e4?s=96&d=mm&r=g\",\"contentUrl\":\"https:\/\/secure.gravatar.com\/avatar\/dec82ab170618be17b8408f3f85b13e4?s=96&d=mm&r=g\",\"caption\":\"Pavel Kos\u00edk\"},\"url\":\"https:\/\/www.prazskybarcamp.cz\/blog\/author\/kosik-paseznam-cz\/\"}]}<\/script>\n<!-- \/ Yoast SEO plugin. -->","yoast_head_json":{"title":"Sebeprezentace na soci\u00e1ln\u00edch s\u00edt\u00edch - Prazsky Barcamp","robots":{"index":"index","follow":"follow","max-snippet":"max-snippet:-1","max-image-preview":"max-image-preview:large","max-video-preview":"max-video-preview:-1"},"canonical":"https:\/\/www.prazskybarcamp.cz\/blog\/sebeprezentace-na-socialnich-sitich\/","og_locale":"cs_CZ","og_type":"article","og_title":"Sebeprezentace na soci\u00e1ln\u00edch s\u00edt\u00edch - Prazsky Barcamp","og_description":"Doba \u010dten\u00ed: 2 minuty &nbsp; Facebook a jin\u00e9 soci\u00e1ln\u00ed s\u00edt\u011b je ka\u017edodenn\u00ed z\u00e1bavou a komunika\u010dn\u00edm n\u00e1strojem pro miliony lid\u00ed. Videa, fotky z ve\u010d\u00edrk\u016f, pl\u00e1ny a kontakty. Facebook \u010dasto v\u00ed o n\u00e1s v\u00edc, n\u011b\u017e nejbli\u017e\u0161\u00ed p\u0159\u00e1tel\u00e9, proto\u017ee zaznamen\u00e1 co m\u00e1me rad\u00ed, co komentujeme, jak\u00fdch ud\u00e1losti se \u00fa\u010dastn\u00edme apod. Nen\u00ed divu, \u017ee \u201cst\u00e1lkov\u00e1n\u00ed\u201c na Facebooku pou\u017e\u00edv\u00e1 HR-ista p\u0159ed pracovn\u00edm pohovorem nebo [&hellip;]","og_url":"https:\/\/www.prazskybarcamp.cz\/blog\/sebeprezentace-na-socialnich-sitich\/","og_site_name":"Prazsky Barcamp","article_publisher":"https:\/\/www.facebook.com\/prazskybarcamp","article_published_time":"2019-01-21T23:00:00+00:00","article_modified_time":"2020-08-31T10:07:03+00:00","twitter_card":"summary_large_image","twitter_creator":"@prazskybarcamp","twitter_site":"@prazskybarcamp","twitter_misc":{"Napsal(a)":"Pavel Kos\u00edk","Odhadovan\u00e1 doba \u010dten\u00ed":"3 minuty"},"schema":{"@context":"https:\/\/schema.org","@graph":[{"@type":"Organization","@id":"https:\/\/www.prazskybarcamp.cz\/blog\/#organization","name":"Pra\u017esk\u00fd Barcamp","url":"https:\/\/www.prazskybarcamp.cz\/blog\/","sameAs":["https:\/\/www.facebook.com\/prazskybarcamp","https:\/\/www.instagram.com\/prazsky_barcamp\/","https:\/\/www.linkedin.com\/company\/12614304\/admin\/","https:\/\/www.youtube.com\/c\/Pra\u017esk\u00fdBarcamp","https:\/\/twitter.com\/prazskybarcamp"],"logo":{"@type":"ImageObject","@id":"https:\/\/www.prazskybarcamp.cz\/blog\/#logo","inLanguage":"cs","url":"https:\/\/www.prazskybarcamp.cz\/blog\/wp-content\/uploads\/2020\/05\/BC_barva-1.png","contentUrl":"https:\/\/www.prazskybarcamp.cz\/blog\/wp-content\/uploads\/2020\/05\/BC_barva-1.png","width":1324,"height":521,"caption":"Pra\u017esk\u00fd Barcamp"},"image":{"@id":"https:\/\/www.prazskybarcamp.cz\/blog\/#logo"}},{"@type":"WebSite","@id":"https:\/\/www.prazskybarcamp.cz\/blog\/#website","url":"https:\/\/www.prazskybarcamp.cz\/blog\/","name":"Pra\u017esk\u00fd Barcamp","description":"Blog slou\u017e\u00edc\u00ed student\u016fm st\u0159edn\u00ed \u0161koly k rychlej\u0161\u00edmu zji\u0161t\u011bn\u00ed, co je bav\u00ed a v \u010dem maj\u00ed sv\u00e9 vlohy a d\u00edky tomu jsou schopni rychlej\u0161\u00edho zapojen\u00ed na trhu pr\u00e1ce.","publisher":{"@id":"https:\/\/www.prazskybarcamp.cz\/blog\/#organization"},"potentialAction":[{"@type":"SearchAction","target":{"@type":"EntryPoint","urlTemplate":"https:\/\/www.prazskybarcamp.cz\/blog\/?s={search_term_string}"},"query-input":"required name=search_term_string"}],"inLanguage":"cs"},{"@type":"WebPage","@id":"https:\/\/www.prazskybarcamp.cz\/blog\/sebeprezentace-na-socialnich-sitich\/#webpage","url":"https:\/\/www.prazskybarcamp.cz\/blog\/sebeprezentace-na-socialnich-sitich\/","name":"Sebeprezentace na soci\u00e1ln\u00edch s\u00edt\u00edch - Prazsky Barcamp","isPartOf":{"@id":"https:\/\/www.prazskybarcamp.cz\/blog\/#website"},"datePublished":"2019-01-21T23:00:00+00:00","dateModified":"2020-08-31T10:07:03+00:00","breadcrumb":{"@id":"https:\/\/www.prazskybarcamp.cz\/blog\/sebeprezentace-na-socialnich-sitich\/#breadcrumb"},"inLanguage":"cs","potentialAction":[{"@type":"ReadAction","target":["https:\/\/www.prazskybarcamp.cz\/blog\/sebeprezentace-na-socialnich-sitich\/"]}]},{"@type":"BreadcrumbList","@id":"https:\/\/www.prazskybarcamp.cz\/blog\/sebeprezentace-na-socialnich-sitich\/#breadcrumb","itemListElement":[{"@type":"ListItem","position":1,"name":"Dom\u016f","item":"https:\/\/www.prazskybarcamp.cz\/blog\/"},{"@type":"ListItem","position":2,"name":"Sebeprezentace na soci\u00e1ln\u00edch s\u00edt\u00edch"}]},{"@type":"Article","@id":"https:\/\/www.prazskybarcamp.cz\/blog\/sebeprezentace-na-socialnich-sitich\/#article","isPartOf":{"@id":"https:\/\/www.prazskybarcamp.cz\/blog\/sebeprezentace-na-socialnich-sitich\/#webpage"},"author":{"@id":"https:\/\/www.prazskybarcamp.cz\/blog\/#\/schema\/person\/656cd128d835a2d0137aee64e3afc315"},"headline":"Sebeprezentace na soci\u00e1ln\u00edch s\u00edt\u00edch","datePublished":"2019-01-21T23:00:00+00:00","dateModified":"2020-08-31T10:07:03+00:00","mainEntityOfPage":{"@id":"https:\/\/www.prazskybarcamp.cz\/blog\/sebeprezentace-na-socialnich-sitich\/#webpage"},"wordCount":569,"publisher":{"@id":"https:\/\/www.prazskybarcamp.cz\/blog\/#organization"},"articleSection":["Prezentuj se"],"inLanguage":"cs"},{"@type":"Person","@id":"https:\/\/www.prazskybarcamp.cz\/blog\/#\/schema\/person\/656cd128d835a2d0137aee64e3afc315","name":"Pavel Kos\u00edk","image":{"@type":"ImageObject","@id":"https:\/\/www.prazskybarcamp.cz\/blog\/#personlogo","inLanguage":"cs","url":"https:\/\/secure.gravatar.com\/avatar\/dec82ab170618be17b8408f3f85b13e4?s=96&d=mm&r=g","contentUrl":"https:\/\/secure.gravatar.com\/avatar\/dec82ab170618be17b8408f3f85b13e4?s=96&d=mm&r=g","caption":"Pavel Kos\u00edk"},"url":"https:\/\/www.prazskybarcamp.cz\/blog\/author\/kosik-paseznam-cz\/"}]}},"_links":{"self":[{"href":"https:\/\/www.prazskybarcamp.cz\/blog\/wp-json\/wp\/v2\/posts\/33"}],"collection":[{"href":"https:\/\/www.prazskybarcamp.cz\/blog\/wp-json\/wp\/v2\/posts"}],"about":[{"href":"https:\/\/www.prazskybarcamp.cz\/blog\/wp-json\/wp\/v2\/types\/post"}],"author":[{"embeddable":true,"href":"https:\/\/www.prazskybarcamp.cz\/blog\/wp-json\/wp\/v2\/users\/2"}],"replies":[{"embeddable":true,"href":"https:\/\/www.prazskybarcamp.cz\/blog\/wp-json\/wp\/v2\/comments?post=33"}],"version-history":[{"count":2,"href":"https:\/\/www.prazskybarcamp.cz\/blog\/wp-json\/wp\/v2\/posts\/33\/revisions"}],"predecessor-version":[{"id":117,"href":"https:\/\/www.prazskybarcamp.cz\/blog\/wp-json\/wp\/v2\/posts\/33\/revisions\/117"}],"wp:attachment":[{"href":"https:\/\/www.prazskybarcamp.cz\/blog\/wp-json\/wp\/v2\/media?parent=33"}],"wp:term":[{"taxonomy":"category","embeddable":true,"href":"https:\/\/www.prazskybarcamp.cz\/blog\/wp-json\/wp\/v2\/categories?post=33"},{"taxonomy":"post_tag","embeddable":true,"href":"https:\/\/www.prazskybarcamp.cz\/blog\/wp-json\/wp\/v2\/tags?post=33"}],"curies":[{"name":"wp","href":"https:\/\/api.w.org\/{rel}","templated":true}]}}