{"id":28,"date":"2019-01-17T00:00:00","date_gmt":"2019-01-16T23:00:00","guid":{"rendered":"https:\/\/www.prazskybarcamp.cz\/blog\/kulate-stoly-na-barcampu"},"modified":"2019-02-18T13:36:51","modified_gmt":"2019-02-18T12:36:51","slug":"kulate-stoly-na-barcampu","status":"publish","type":"post","link":"https:\/\/www.prazskybarcamp.cz\/blog\/kulate-stoly-na-barcampu\/","title":{"rendered":"Kulat\u00e9 stoly na Barcampu"},"content":{"rendered":"<span class=\"rt-reading-time\" style=\"display: block;\"><span class=\"rt-label rt-prefix\">Doba \u010dten\u00ed: <\/span> <span class=\"rt-time\">2<\/span> <span class=\"rt-label rt-postfix\">minuty<\/span><\/span>\n<p>\n    <\/p>\n<p><strong>Nejprve kr\u00e1tk\u00e9 shrnut\u00ed jak cel\u00e1 akce prob\u00edhala.<\/strong><\/p>\n<p>Moder\u00e1tor nejprve nechal ka\u017ed\u00e9ho z \u00fa\u010dastn\u00edk\u016f kulat\u00fdch stol\u016f aby se v jedn\u00e9 minut\u011b p\u0159edstavil a \u0159ekl, s jak\u00fd c\u00edlem p\u0159i\u0161el. Pot\u00e9 podn\u00edtil debatu nad t\u00e9matikou kvalitn\u00ed praxe a jak ji realizovat pro studenty. Dal\u0161\u00edm bodem byla re\u00e1ln\u00e1 uk\u00e1zka p\u0159\u00edklad\u016f, kdy spolupr\u00e1ce \u0161kol a firem funguje skv\u011ble.\u00a0<\/p>\n<p>Ve druh\u00e9 polovin\u011b \u0161lo ji\u017e o p\u0159\u00edm\u00fd networking, kde se z\u00e1stupci \u0161kol i firem mohli osobn\u011b propojit za jasn\u00fdm \u00fa\u010delem: nav\u00e1z\u00e1n\u00ed budouc\u00ed u\u017eite\u010dn\u00e9 spolupr\u00e1ce pro ob\u011b strany.<\/p>\n<p><strong>Jak v\u0161e prob\u011bhne letos?<\/strong><\/p>\n<p>Setk\u00e1n\u00ed \u0161kol a firem, spole\u010dn\u011b i se zaj\u00edmav\u00fdmi osobnostmi z instituc\u00ed a neziskov\u00e9ho sektoru, prob\u011bhne obdobn\u011b. Novinkou je p\u0159id\u00e1n\u00ed n\u011bkolika p\u0159edn\u00e1\u0161ek pro V\u00e1s, \u00fa\u010dastn\u00edky kulat\u00fdch stol\u016f, p\u0159ed a po kulat\u00e9m stolu samotn\u00e9m.<\/p>\n<p>Pro \u00fa\u010dastn\u00edky kulat\u00fdch stol\u016f jsme tedy letos p\u0159ipravili vlastn\u00ed program a to na <strong>13. 4. 2018.<\/strong><\/p>\n<p><strong>Program dne<\/strong><\/p>\n<p dir=\"ltr\">9:00 Registrace \u00fa\u010dastn\u00edk\u016f<\/p>\n<p dir=\"ltr\">9:30 P\u0159edn\u00e1\u0161ka &#8211; Modern\u00ed technologie ve v\u00fduce (Ji\u0159\u00ed Sissak)<\/p>\n<p dir=\"ltr\">10:30 Ob\u010derstven\u00ed<\/p>\n<p dir=\"ltr\">10:45 Za\u010d\u00e1tek kulat\u00e9ho stolu &#8211; ka\u017ed\u00fd se stru\u010dn\u011b p\u0159edstav\u00ed, bude n\u00e1sledovat \u0159\u00edzen\u00e1 diskuze<\/p>\n<p dir=\"ltr\">11:15 Networking mezi \u0161kolami a firmami &#8211; \u0159\u00edzen\u00fd<\/p>\n<p dir=\"ltr\">13:30 Networking mezi \u0161kolami a firmami &#8211; voln\u00fd<\/p>\n<p dir=\"ltr\">14:15 Druh\u00e1 p\u0159edn\u00e1\u0161ka-GDPR pro \u0161koly od pr\u00e1vnick\u00e9 kancel\u00e1re E-legal<\/p>\n<p>15:30 Slavnostn\u00ed ukon\u010den\u00ed akce<\/p>\n<p><strong>Na\u0161e c\u00edle<\/strong><\/p>\n<p>My, organiz\u00e1to\u0159i barcampu, z praxe vn\u00edm\u00e1me, \u017ee umo\u017enit toto setk\u00e1n\u00ed, bylo opravdu d\u016fle\u017eit\u00e9 a budeme moc r\u00e1di, pokud n\u00e1m v na\u0161em sna\u017een\u00ed u dal\u0161\u00edho ro\u010dn\u00edku pom\u016f\u017eete.<\/p>\n<p>\n    <\/p>\n<p>Kontakt pro \u0161koly a instituce, kter\u00e9 se cht\u011bj\u00ed \u00fa\u010dastnit:\u00a0<\/p>\n<p><strong>Jakub \u0158ezn\u00ed\u010dek<\/strong>\u00a0<\/p>\n<p>reznicek.barcamp@gmail.com<\/p>\n<p>\n    <\/p>\n<p>Akce se kon\u00e1 ve spolupr\u00e1ci s <a href=\"https:\/\/stredoskolskaunie.cz\/\">\u010ceskou St\u0159edo\u0161kolskou Uni\u00ed<\/a>, kter\u00e1 se t\u00e9matice kvalitn\u00edch prax\u00ed a st\u00e1\u017e\u00ed aktivn\u011b v\u011bnuje.<\/p>\n<p>Akce prob\u011bhne v p\u00e1tek 13. 4. 2018 v budov\u011b Microsoft Praha. V\u00edce informac\u00ed p\u0159ihl\u00e1\u0161en\u00fdm \u00fa\u010dastn\u00edk\u016fm p\u0159edaj\u00ed na\u0161i organiz\u00e1to\u0159i.<\/p>\n<p>Fotky z kulat\u00fdch stol\u016f:<\/p>\n<p>\n    <\/p>\n<p><img class=\"fr-dib fr-draggable fr-fil\" src=\"https:\/\/2018.prazskybarcamp.cz\/storage\/app\/media\/uploaded-files\/IMG_8683.jpg\" style=\"width: 600px; height: 401.683px;\" data-result=\"success\" alt=\"Z\u00e1stupci firem\"\/><\/p>\n<p>Z\u00e1stupci firem<\/p>\n<p><img class=\"fr-dib fr-draggable fr-fil\" src=\"https:\/\/2018.prazskybarcamp.cz\/storage\/app\/media\/uploaded-files\/IMG_8686.jpg\" style=\"width: 600px; height: 400.109px;\" data-result=\"success\" alt=\"Z\u00e1stupci \u0161kol\"\/><\/p>\n<p>Z\u00e1supci \u0160kol \u00a0Mgr. pan\u00ed Glaserov\u00e1, Ing. Miroslav Svoboda, Veronika Mallatova a dal\u0161\u00ed<\/p>\n<p><img class=\"fr-dib fr-draggable fr-fil\" src=\"https:\/\/2018.prazskybarcamp.cz\/storage\/app\/media\/uploaded-files\/IMG_8695.jpg\" style=\"width: 600px; height: 398.946px;\" data-result=\"success\" alt=\"\u00fa\u010dastn\u00edci kulat\u00fdch stol\u016f\"\/><\/p>\n<p>Dal\u0161\u00ed \u00fa\u010dastn\u00edci kulat\u00e9ho stou.<img class=\"fr-dib fr-draggable fr-fil\" src=\"https:\/\/2018.prazskybarcamp.cz\/storage\/app\/media\/uploaded-files\/IMG_8689.jpg\" style=\"width: 600px; height: 874.231px;\" data-result=\"success\"\/><\/p>\n<p>Z\u00e1stupce Svazu pr\u016fmyslu a dopravy Karel Dobe\u0161\u00a0<\/p>\n<p>\n    <\/p>\n<p>\n    <\/p>\n<p>\n    <\/p>\n\r\n\t\t<div class=\"da-reactions-outer TpostID28\">\r\n            \r\n            <div class=\"da-reactions-data da-reactions-container-async center\"\r\n                data-type=\"post\"\r\n                data-id=\"28\"\r\n                data-nonce=\"1adeb198db\"\r\n                id=\"da-reactions-slot-post-28\">\r\n                <div class=\"da-reactions-exposed\">\r\n                    <img src=\"https:\/\/www.prazskybarcamp.cz\/blog\/wp-content\/plugins\/da-reactions\/assets\/dist\/loading.svg\" alt=\"Loading spinner\" width=\"64\" height=\"64\" style=\"width:64px; height:64px\" \/>\r\n                <\/div>\r\n            <\/div>\r\n        <\/div>","protected":false},"excerpt":{"rendered":"<p><span class=\"rt-reading-time\" style=\"display: block;\"><span class=\"rt-label rt-prefix\">Doba \u010dten\u00ed: <\/span> <span class=\"rt-time\">2<\/span> <span class=\"rt-label rt-postfix\">minuty<\/span><\/span> Nejprve kr\u00e1tk\u00e9 shrnut\u00ed jak cel\u00e1 akce prob\u00edhala. Moder\u00e1tor nejprve nechal ka\u017ed\u00e9ho z \u00fa\u010dastn\u00edk\u016f kulat\u00fdch stol\u016f aby se v jedn\u00e9 minut\u011b p\u0159edstavil a \u0159ekl, s jak\u00fd c\u00edlem p\u0159i\u0161el. Pot\u00e9 podn\u00edtil debatu nad t\u00e9matikou kvalitn\u00ed praxe a jak ji realizovat pro studenty. Dal\u0161\u00edm bodem byla re\u00e1ln\u00e1 uk\u00e1zka p\u0159\u00edklad\u016f, kdy spolupr\u00e1ce \u0161kol a firem funguje skv\u011ble.\u00a0 Ve druh\u00e9 [&hellip;]<\/p>\n\r\n\t\t<div class=\"da-reactions-outer TpostID28\">\r\n            \r\n            <div class=\"da-reactions-data da-reactions-container-async center\"\r\n                data-type=\"post\"\r\n                data-id=\"28\"\r\n                data-nonce=\"1adeb198db\"\r\n                id=\"da-reactions-slot-post-28\">\r\n                <div class=\"da-reactions-exposed\">\r\n                    <img src=\"https:\/\/www.prazskybarcamp.cz\/blog\/wp-content\/plugins\/da-reactions\/assets\/dist\/loading.svg\" alt=\"Loading spinner\" width=\"64\" height=\"64\" style=\"width:64px; height:64px\" \/>\r\n                <\/div>\r\n            <\/div>\r\n        <\/div>","protected":false},"author":2,"featured_media":0,"comment_status":"closed","ping_status":"closed","sticky":false,"template":"","format":"standard","meta":[],"categories":[1],"tags":[],"yoast_head":"<!-- This site is optimized with the Yoast SEO plugin v18.1 - https:\/\/yoast.com\/wordpress\/plugins\/seo\/ -->\n<title>Kulat\u00e9 stoly na Barcampu - Prazsky Barcamp<\/title>\n<meta name=\"robots\" content=\"index, follow, max-snippet:-1, max-image-preview:large, max-video-preview:-1\" \/>\n<link rel=\"canonical\" href=\"https:\/\/www.prazskybarcamp.cz\/blog\/kulate-stoly-na-barcampu\/\" \/>\n<meta property=\"og:locale\" content=\"cs_CZ\" \/>\n<meta property=\"og:type\" content=\"article\" \/>\n<meta property=\"og:title\" content=\"Kulat\u00e9 stoly na Barcampu - Prazsky Barcamp\" \/>\n<meta property=\"og:description\" content=\"Doba \u010dten\u00ed: 2 minuty Nejprve kr\u00e1tk\u00e9 shrnut\u00ed jak cel\u00e1 akce prob\u00edhala. Moder\u00e1tor nejprve nechal ka\u017ed\u00e9ho z \u00fa\u010dastn\u00edk\u016f kulat\u00fdch stol\u016f aby se v jedn\u00e9 minut\u011b p\u0159edstavil a \u0159ekl, s jak\u00fd c\u00edlem p\u0159i\u0161el. Pot\u00e9 podn\u00edtil debatu nad t\u00e9matikou kvalitn\u00ed praxe a jak ji realizovat pro studenty. Dal\u0161\u00edm bodem byla re\u00e1ln\u00e1 uk\u00e1zka p\u0159\u00edklad\u016f, kdy spolupr\u00e1ce \u0161kol a firem funguje skv\u011ble.\u00a0 Ve druh\u00e9 [&hellip;]\" \/>\n<meta property=\"og:url\" content=\"https:\/\/www.prazskybarcamp.cz\/blog\/kulate-stoly-na-barcampu\/\" \/>\n<meta property=\"og:site_name\" content=\"Prazsky Barcamp\" \/>\n<meta property=\"article:publisher\" content=\"https:\/\/www.facebook.com\/prazskybarcamp\" \/>\n<meta property=\"article:published_time\" content=\"2019-01-16T23:00:00+00:00\" \/>\n<meta property=\"article:modified_time\" content=\"2019-02-18T12:36:51+00:00\" \/>\n<meta property=\"og:image\" content=\"https:\/\/2018.prazskybarcamp.cz\/storage\/app\/media\/uploaded-files\/IMG_8683.jpg\" \/>\n<meta name=\"twitter:card\" content=\"summary_large_image\" \/>\n<meta name=\"twitter:creator\" content=\"@prazskybarcamp\" \/>\n<meta name=\"twitter:site\" content=\"@prazskybarcamp\" \/>\n<meta name=\"twitter:label1\" content=\"Napsal(a)\" \/>\n\t<meta name=\"twitter:data1\" content=\"Pavel Kos\u00edk\" \/>\n\t<meta name=\"twitter:label2\" content=\"Odhadovan\u00e1 doba \u010dten\u00ed\" \/>\n\t<meta name=\"twitter:data2\" content=\"2 minuty\" \/>\n<script type=\"application\/ld+json\" class=\"yoast-schema-graph\">{\"@context\":\"https:\/\/schema.org\",\"@graph\":[{\"@type\":\"Organization\",\"@id\":\"https:\/\/www.prazskybarcamp.cz\/blog\/#organization\",\"name\":\"Pra\u017esk\u00fd Barcamp\",\"url\":\"https:\/\/www.prazskybarcamp.cz\/blog\/\",\"sameAs\":[\"https:\/\/www.facebook.com\/prazskybarcamp\",\"https:\/\/www.instagram.com\/prazsky_barcamp\/\",\"https:\/\/www.linkedin.com\/company\/12614304\/admin\/\",\"https:\/\/www.youtube.com\/c\/Pra\u017esk\u00fdBarcamp\",\"https:\/\/twitter.com\/prazskybarcamp\"],\"logo\":{\"@type\":\"ImageObject\",\"@id\":\"https:\/\/www.prazskybarcamp.cz\/blog\/#logo\",\"inLanguage\":\"cs\",\"url\":\"https:\/\/www.prazskybarcamp.cz\/blog\/wp-content\/uploads\/2020\/05\/BC_barva-1.png\",\"contentUrl\":\"https:\/\/www.prazskybarcamp.cz\/blog\/wp-content\/uploads\/2020\/05\/BC_barva-1.png\",\"width\":1324,\"height\":521,\"caption\":\"Pra\u017esk\u00fd Barcamp\"},\"image\":{\"@id\":\"https:\/\/www.prazskybarcamp.cz\/blog\/#logo\"}},{\"@type\":\"WebSite\",\"@id\":\"https:\/\/www.prazskybarcamp.cz\/blog\/#website\",\"url\":\"https:\/\/www.prazskybarcamp.cz\/blog\/\",\"name\":\"Pra\u017esk\u00fd Barcamp\",\"description\":\"Blog slou\u017e\u00edc\u00ed student\u016fm st\u0159edn\u00ed \u0161koly k rychlej\u0161\u00edmu zji\u0161t\u011bn\u00ed, co je bav\u00ed a v \u010dem maj\u00ed sv\u00e9 vlohy a d\u00edky tomu jsou schopni rychlej\u0161\u00edho zapojen\u00ed na trhu pr\u00e1ce.\",\"publisher\":{\"@id\":\"https:\/\/www.prazskybarcamp.cz\/blog\/#organization\"},\"potentialAction\":[{\"@type\":\"SearchAction\",\"target\":{\"@type\":\"EntryPoint\",\"urlTemplate\":\"https:\/\/www.prazskybarcamp.cz\/blog\/?s={search_term_string}\"},\"query-input\":\"required name=search_term_string\"}],\"inLanguage\":\"cs\"},{\"@type\":\"ImageObject\",\"@id\":\"https:\/\/www.prazskybarcamp.cz\/blog\/kulate-stoly-na-barcampu\/#primaryimage\",\"inLanguage\":\"cs\",\"url\":\"https:\/\/2018.prazskybarcamp.cz\/storage\/app\/media\/uploaded-files\/IMG_8683.jpg\",\"contentUrl\":\"https:\/\/2018.prazskybarcamp.cz\/storage\/app\/media\/uploaded-files\/IMG_8683.jpg\"},{\"@type\":\"WebPage\",\"@id\":\"https:\/\/www.prazskybarcamp.cz\/blog\/kulate-stoly-na-barcampu\/#webpage\",\"url\":\"https:\/\/www.prazskybarcamp.cz\/blog\/kulate-stoly-na-barcampu\/\",\"name\":\"Kulat\u00e9 stoly na Barcampu - Prazsky Barcamp\",\"isPartOf\":{\"@id\":\"https:\/\/www.prazskybarcamp.cz\/blog\/#website\"},\"primaryImageOfPage\":{\"@id\":\"https:\/\/www.prazskybarcamp.cz\/blog\/kulate-stoly-na-barcampu\/#primaryimage\"},\"datePublished\":\"2019-01-16T23:00:00+00:00\",\"dateModified\":\"2019-02-18T12:36:51+00:00\",\"breadcrumb\":{\"@id\":\"https:\/\/www.prazskybarcamp.cz\/blog\/kulate-stoly-na-barcampu\/#breadcrumb\"},\"inLanguage\":\"cs\",\"potentialAction\":[{\"@type\":\"ReadAction\",\"target\":[\"https:\/\/www.prazskybarcamp.cz\/blog\/kulate-stoly-na-barcampu\/\"]}]},{\"@type\":\"BreadcrumbList\",\"@id\":\"https:\/\/www.prazskybarcamp.cz\/blog\/kulate-stoly-na-barcampu\/#breadcrumb\",\"itemListElement\":[{\"@type\":\"ListItem\",\"position\":1,\"name\":\"Dom\u016f\",\"item\":\"https:\/\/www.prazskybarcamp.cz\/blog\/\"},{\"@type\":\"ListItem\",\"position\":2,\"name\":\"Kulat\u00e9 stoly na Barcampu\"}]},{\"@type\":\"Article\",\"@id\":\"https:\/\/www.prazskybarcamp.cz\/blog\/kulate-stoly-na-barcampu\/#article\",\"isPartOf\":{\"@id\":\"https:\/\/www.prazskybarcamp.cz\/blog\/kulate-stoly-na-barcampu\/#webpage\"},\"author\":{\"@id\":\"https:\/\/www.prazskybarcamp.cz\/blog\/#\/schema\/person\/656cd128d835a2d0137aee64e3afc315\"},\"headline\":\"Kulat\u00e9 stoly na Barcampu\",\"datePublished\":\"2019-01-16T23:00:00+00:00\",\"dateModified\":\"2019-02-18T12:36:51+00:00\",\"mainEntityOfPage\":{\"@id\":\"https:\/\/www.prazskybarcamp.cz\/blog\/kulate-stoly-na-barcampu\/#webpage\"},\"wordCount\":398,\"publisher\":{\"@id\":\"https:\/\/www.prazskybarcamp.cz\/blog\/#organization\"},\"image\":{\"@id\":\"https:\/\/www.prazskybarcamp.cz\/blog\/kulate-stoly-na-barcampu\/#primaryimage\"},\"thumbnailUrl\":\"https:\/\/2018.prazskybarcamp.cz\/storage\/app\/media\/uploaded-files\/IMG_8683.jpg\",\"inLanguage\":\"cs\"},{\"@type\":\"Person\",\"@id\":\"https:\/\/www.prazskybarcamp.cz\/blog\/#\/schema\/person\/656cd128d835a2d0137aee64e3afc315\",\"name\":\"Pavel Kos\u00edk\",\"image\":{\"@type\":\"ImageObject\",\"@id\":\"https:\/\/www.prazskybarcamp.cz\/blog\/#personlogo\",\"inLanguage\":\"cs\",\"url\":\"https:\/\/secure.gravatar.com\/avatar\/dec82ab170618be17b8408f3f85b13e4?s=96&d=mm&r=g\",\"contentUrl\":\"https:\/\/secure.gravatar.com\/avatar\/dec82ab170618be17b8408f3f85b13e4?s=96&d=mm&r=g\",\"caption\":\"Pavel Kos\u00edk\"},\"url\":\"https:\/\/www.prazskybarcamp.cz\/blog\/author\/kosik-paseznam-cz\/\"}]}<\/script>\n<!-- \/ Yoast SEO plugin. -->","yoast_head_json":{"title":"Kulat\u00e9 stoly na Barcampu - Prazsky Barcamp","robots":{"index":"index","follow":"follow","max-snippet":"max-snippet:-1","max-image-preview":"max-image-preview:large","max-video-preview":"max-video-preview:-1"},"canonical":"https:\/\/www.prazskybarcamp.cz\/blog\/kulate-stoly-na-barcampu\/","og_locale":"cs_CZ","og_type":"article","og_title":"Kulat\u00e9 stoly na Barcampu - Prazsky Barcamp","og_description":"Doba \u010dten\u00ed: 2 minuty Nejprve kr\u00e1tk\u00e9 shrnut\u00ed jak cel\u00e1 akce prob\u00edhala. Moder\u00e1tor nejprve nechal ka\u017ed\u00e9ho z \u00fa\u010dastn\u00edk\u016f kulat\u00fdch stol\u016f aby se v jedn\u00e9 minut\u011b p\u0159edstavil a \u0159ekl, s jak\u00fd c\u00edlem p\u0159i\u0161el. Pot\u00e9 podn\u00edtil debatu nad t\u00e9matikou kvalitn\u00ed praxe a jak ji realizovat pro studenty. Dal\u0161\u00edm bodem byla re\u00e1ln\u00e1 uk\u00e1zka p\u0159\u00edklad\u016f, kdy spolupr\u00e1ce \u0161kol a firem funguje skv\u011ble.\u00a0 Ve druh\u00e9 [&hellip;]","og_url":"https:\/\/www.prazskybarcamp.cz\/blog\/kulate-stoly-na-barcampu\/","og_site_name":"Prazsky Barcamp","article_publisher":"https:\/\/www.facebook.com\/prazskybarcamp","article_published_time":"2019-01-16T23:00:00+00:00","article_modified_time":"2019-02-18T12:36:51+00:00","og_image":[{"url":"https:\/\/2018.prazskybarcamp.cz\/storage\/app\/media\/uploaded-files\/IMG_8683.jpg"}],"twitter_card":"summary_large_image","twitter_creator":"@prazskybarcamp","twitter_site":"@prazskybarcamp","twitter_misc":{"Napsal(a)":"Pavel Kos\u00edk","Odhadovan\u00e1 doba \u010dten\u00ed":"2 minuty"},"schema":{"@context":"https:\/\/schema.org","@graph":[{"@type":"Organization","@id":"https:\/\/www.prazskybarcamp.cz\/blog\/#organization","name":"Pra\u017esk\u00fd Barcamp","url":"https:\/\/www.prazskybarcamp.cz\/blog\/","sameAs":["https:\/\/www.facebook.com\/prazskybarcamp","https:\/\/www.instagram.com\/prazsky_barcamp\/","https:\/\/www.linkedin.com\/company\/12614304\/admin\/","https:\/\/www.youtube.com\/c\/Pra\u017esk\u00fdBarcamp","https:\/\/twitter.com\/prazskybarcamp"],"logo":{"@type":"ImageObject","@id":"https:\/\/www.prazskybarcamp.cz\/blog\/#logo","inLanguage":"cs","url":"https:\/\/www.prazskybarcamp.cz\/blog\/wp-content\/uploads\/2020\/05\/BC_barva-1.png","contentUrl":"https:\/\/www.prazskybarcamp.cz\/blog\/wp-content\/uploads\/2020\/05\/BC_barva-1.png","width":1324,"height":521,"caption":"Pra\u017esk\u00fd Barcamp"},"image":{"@id":"https:\/\/www.prazskybarcamp.cz\/blog\/#logo"}},{"@type":"WebSite","@id":"https:\/\/www.prazskybarcamp.cz\/blog\/#website","url":"https:\/\/www.prazskybarcamp.cz\/blog\/","name":"Pra\u017esk\u00fd Barcamp","description":"Blog slou\u017e\u00edc\u00ed student\u016fm st\u0159edn\u00ed \u0161koly k rychlej\u0161\u00edmu zji\u0161t\u011bn\u00ed, co je bav\u00ed a v \u010dem maj\u00ed sv\u00e9 vlohy a d\u00edky tomu jsou schopni rychlej\u0161\u00edho zapojen\u00ed na trhu pr\u00e1ce.","publisher":{"@id":"https:\/\/www.prazskybarcamp.cz\/blog\/#organization"},"potentialAction":[{"@type":"SearchAction","target":{"@type":"EntryPoint","urlTemplate":"https:\/\/www.prazskybarcamp.cz\/blog\/?s={search_term_string}"},"query-input":"required name=search_term_string"}],"inLanguage":"cs"},{"@type":"ImageObject","@id":"https:\/\/www.prazskybarcamp.cz\/blog\/kulate-stoly-na-barcampu\/#primaryimage","inLanguage":"cs","url":"https:\/\/2018.prazskybarcamp.cz\/storage\/app\/media\/uploaded-files\/IMG_8683.jpg","contentUrl":"https:\/\/2018.prazskybarcamp.cz\/storage\/app\/media\/uploaded-files\/IMG_8683.jpg"},{"@type":"WebPage","@id":"https:\/\/www.prazskybarcamp.cz\/blog\/kulate-stoly-na-barcampu\/#webpage","url":"https:\/\/www.prazskybarcamp.cz\/blog\/kulate-stoly-na-barcampu\/","name":"Kulat\u00e9 stoly na Barcampu - Prazsky Barcamp","isPartOf":{"@id":"https:\/\/www.prazskybarcamp.cz\/blog\/#website"},"primaryImageOfPage":{"@id":"https:\/\/www.prazskybarcamp.cz\/blog\/kulate-stoly-na-barcampu\/#primaryimage"},"datePublished":"2019-01-16T23:00:00+00:00","dateModified":"2019-02-18T12:36:51+00:00","breadcrumb":{"@id":"https:\/\/www.prazskybarcamp.cz\/blog\/kulate-stoly-na-barcampu\/#breadcrumb"},"inLanguage":"cs","potentialAction":[{"@type":"ReadAction","target":["https:\/\/www.prazskybarcamp.cz\/blog\/kulate-stoly-na-barcampu\/"]}]},{"@type":"BreadcrumbList","@id":"https:\/\/www.prazskybarcamp.cz\/blog\/kulate-stoly-na-barcampu\/#breadcrumb","itemListElement":[{"@type":"ListItem","position":1,"name":"Dom\u016f","item":"https:\/\/www.prazskybarcamp.cz\/blog\/"},{"@type":"ListItem","position":2,"name":"Kulat\u00e9 stoly na Barcampu"}]},{"@type":"Article","@id":"https:\/\/www.prazskybarcamp.cz\/blog\/kulate-stoly-na-barcampu\/#article","isPartOf":{"@id":"https:\/\/www.prazskybarcamp.cz\/blog\/kulate-stoly-na-barcampu\/#webpage"},"author":{"@id":"https:\/\/www.prazskybarcamp.cz\/blog\/#\/schema\/person\/656cd128d835a2d0137aee64e3afc315"},"headline":"Kulat\u00e9 stoly na Barcampu","datePublished":"2019-01-16T23:00:00+00:00","dateModified":"2019-02-18T12:36:51+00:00","mainEntityOfPage":{"@id":"https:\/\/www.prazskybarcamp.cz\/blog\/kulate-stoly-na-barcampu\/#webpage"},"wordCount":398,"publisher":{"@id":"https:\/\/www.prazskybarcamp.cz\/blog\/#organization"},"image":{"@id":"https:\/\/www.prazskybarcamp.cz\/blog\/kulate-stoly-na-barcampu\/#primaryimage"},"thumbnailUrl":"https:\/\/2018.prazskybarcamp.cz\/storage\/app\/media\/uploaded-files\/IMG_8683.jpg","inLanguage":"cs"},{"@type":"Person","@id":"https:\/\/www.prazskybarcamp.cz\/blog\/#\/schema\/person\/656cd128d835a2d0137aee64e3afc315","name":"Pavel Kos\u00edk","image":{"@type":"ImageObject","@id":"https:\/\/www.prazskybarcamp.cz\/blog\/#personlogo","inLanguage":"cs","url":"https:\/\/secure.gravatar.com\/avatar\/dec82ab170618be17b8408f3f85b13e4?s=96&d=mm&r=g","contentUrl":"https:\/\/secure.gravatar.com\/avatar\/dec82ab170618be17b8408f3f85b13e4?s=96&d=mm&r=g","caption":"Pavel Kos\u00edk"},"url":"https:\/\/www.prazskybarcamp.cz\/blog\/author\/kosik-paseznam-cz\/"}]}},"_links":{"self":[{"href":"https:\/\/www.prazskybarcamp.cz\/blog\/wp-json\/wp\/v2\/posts\/28"}],"collection":[{"href":"https:\/\/www.prazskybarcamp.cz\/blog\/wp-json\/wp\/v2\/posts"}],"about":[{"href":"https:\/\/www.prazskybarcamp.cz\/blog\/wp-json\/wp\/v2\/types\/post"}],"author":[{"embeddable":true,"href":"https:\/\/www.prazskybarcamp.cz\/blog\/wp-json\/wp\/v2\/users\/2"}],"replies":[{"embeddable":true,"href":"https:\/\/www.prazskybarcamp.cz\/blog\/wp-json\/wp\/v2\/comments?post=28"}],"version-history":[{"count":1,"href":"https:\/\/www.prazskybarcamp.cz\/blog\/wp-json\/wp\/v2\/posts\/28\/revisions"}],"predecessor-version":[{"id":69,"href":"https:\/\/www.prazskybarcamp.cz\/blog\/wp-json\/wp\/v2\/posts\/28\/revisions\/69"}],"wp:attachment":[{"href":"https:\/\/www.prazskybarcamp.cz\/blog\/wp-json\/wp\/v2\/media?parent=28"}],"wp:term":[{"taxonomy":"category","embeddable":true,"href":"https:\/\/www.prazskybarcamp.cz\/blog\/wp-json\/wp\/v2\/categories?post=28"},{"taxonomy":"post_tag","embeddable":true,"href":"https:\/\/www.prazskybarcamp.cz\/blog\/wp-json\/wp\/v2\/tags?post=28"}],"curies":[{"name":"wp","href":"https:\/\/api.w.org\/{rel}","templated":true}]}}