{"id":25,"date":"2019-01-14T00:00:00","date_gmt":"2019-01-13T23:00:00","guid":{"rendered":"https:\/\/www.prazskybarcamp.cz\/blog\/akce-na-brezen-ktere-si-nesmis-nechat-ujit"},"modified":"2019-02-18T13:36:52","modified_gmt":"2019-02-18T12:36:52","slug":"akce-na-brezen-ktere-si-nesmis-nechat-ujit","status":"publish","type":"post","link":"https:\/\/www.prazskybarcamp.cz\/blog\/akce-na-brezen-ktere-si-nesmis-nechat-ujit\/","title":{"rendered":"Akce na b\u0159ezen, kter\u00e9 si nesm\u00ed\u0161 nechat uj\u00edt"},"content":{"rendered":"<span class=\"rt-reading-time\" style=\"display: block;\"><span class=\"rt-label rt-prefix\">Doba \u010dten\u00ed: <\/span> <span class=\"rt-time\">2<\/span> <span class=\"rt-label rt-postfix\">minuty<\/span><\/span><p>Za\u010dnu <em>m\u011bstskou knihovnou<\/em>, ve kter\u00e9 se\u017eene\u0161 zaj\u00edmav\u00e9 p\u0159edn\u00e1\u0161ky za hubi\u010dku. Zajdi si t\u0159eba na:<\/p>\n<p><em>Liter\u00e1rn\u00ed d\u00edlny s Terezou Matou\u0161kovou<\/em> &#8211; pokud t\u011b bav\u00ed psan\u00ed, dora\u017e na tento workshop. Tereza ti p\u0159edstav\u00ed r\u016fzn\u00e1 cvi\u010den\u00ed a sezn\u00e1m\u00ed\u0161 se s podobn\u011b sm\u00fd\u0161lej\u00edc\u00edmi lidmi, kon\u00e1 se 29.3. a za\u010d\u00e1tek je v 16.00 na Sm\u00edchov\u011b, vstup zdarma, nutn\u00e1 registrace (<br \/>\n    <a href=\"https:\/\/www.mlp.cz\/cz\/akce\/e21657-literarni-dilny-s-terezou-matouskovou\/\"\/><a href=\"https:\/\/www.mlp.cz\/cz\/akce\/e21657-literarni-dilny-s-terezou-matouskovou\/\">https:\/\/www.mlp.cz\/cz\/akce\/e21657-literarni-dilny-s-terezou-matouskovou\/<\/a>)<\/p>\n<p>D\u00e1le ur\u010dit\u011b stoj\u00ed za to nav\u0161t\u00edvit <em>Skautsk\u00fd institut na Starom\u00e1ku<\/em>. Ka\u017ed\u00fd den tady m\u016f\u017ee\u0161 narazit na zaj\u00edmavou akci. Jejich kompletn\u00ed program vych\u00e1z\u00ed a\u017e na konci p\u0159ede\u0161l\u00e9ho m\u011bs\u00edce. Proto se m\u011bj na pozoru a sleduj jejich FB<br \/>\n    <a href=\"https:\/\/www.facebook.com\/skautsky.institut\/\"\/><a href=\"https:\/\/www.facebook.com\/skautsky.institut\/\">https:\/\/www.facebook.com\/skautsky.institut\/<\/a> nebo webov\u00e9 str\u00e1nky<br \/>\n    <a href=\"https:\/\/www.skautskyinstitut.cz\/\"\/><a href=\"https:\/\/www.skautskyinstitut.cz\/\">https:\/\/www.skautskyinstitut.cz\/<\/a>.<\/p>\n<p><em>L\u00eddr\u00e1rna<\/em>. U\u017e samotn\u00fd n\u00e1zev napov\u00edd\u00e1, \u017ee nep\u016fjde o ledajak\u00e9 mana\u017eery. P\u016fjde o ty nejlep\u0161\u00ed. Ka\u017ed\u00fd m\u011bs\u00edc po\u0159\u00e1daj\u00ed inspirativn\u00ed pov\u00eddan\u00ed.<\/p>\n<p>Tento m\u011bs\u00edc to bude Lenka Mr\u00e1zov\u00e1, kter\u00e1 je \u00fasp\u011b\u0161nou lektorkou, blogerkou, networkerkou, mentorkou a inspir\u00e1torkou. Vstupn\u00e9 je dobrovoln\u00e9, ale je dobr\u00e9 si zajistit m\u00edsto registrac\u00ed. Kon\u00e1 se 21.3. od 19.00 v Coworking Sn\u011bmovn\u00ed 7 na Mal\u00e9 stran\u011b.<br \/>\n    <a href=\"http:\/\/lidrarna.cz\/\"\/><a href=\"http:\/\/lidrarna.cz\/\">http:\/\/lidrarna.cz\/<\/a> a FB<br \/>\n    <a href=\"https:\/\/www.facebook.com\/lidrarna\/\"\/><a href=\"https:\/\/www.facebook.com\/lidrarna\/\">https:\/\/www.facebook.com\/lidrarna\/<\/a>.<\/p>\n<p><em>\u0160kola 21<\/em> &#8211; smyslem t\u00e9to organizace je uv\u011bdom\u011bn\u00ed si sv\u00e9ho vnit\u0159n\u00edho j\u00e1 a objeven\u00ed tak toho, co n\u00e1s skute\u010dn\u011b napl\u0148uje tak, aby na\u0161e rozhodnut\u00ed byla v souladu s n\u00edm (v\u00edce zde<br \/>\n    <a href=\"https:\/\/www.skola21.com\/proc-jsme\"\/><a href=\"https:\/\/www.skola21.com\/proc-jsme\">https:\/\/www.skola21.com\/proc-jsme<\/a>). Jejich workshopy a lekce na sebe navazuj\u00ed, a tak je ur\u010dit\u011b fajn o nich v\u011bd\u011bt. Jedn\u00edm z nich je:<\/p>\n<p>Mapov\u00e1n\u00ed kompetenc\u00ed &#8211; dvouv\u00edkendov\u00fd kurz o pozn\u00e1n\u00ed sv\u00fdch hodnot a vytvo\u0159en\u00ed vlastn\u00edho \u201c\u017eivotn\u00edho projektu\u201d (<br \/>\n    <a href=\"https:\/\/www.skola21.com\/mapovani-kompetenci\"\/><a href=\"https:\/\/www.skola21.com\/mapovani-kompetenci\">https:\/\/www.skola21.com\/mapovani-kompetenci<\/a>)<\/p>\n<p><em>Vnitroblock\u00a0<\/em>(<br \/>\n    <a href=\"https:\/\/vnitroblock.cz\/\"\/><a href=\"https:\/\/vnitroblock.cz\/\">https:\/\/vnitroblock.cz\/<\/a>) je kapitolou s\u00e1m pro sebe. Nev\u0161edn\u00ed prostor, kter\u00fd vdechuje v\u0161em event\u016fm origin\u00e1ln\u00ed atmosf\u00e9ru. Sem si zajdi na kaf\u010do, na v\u00fdstavu, do kina, na workshop, na p\u0159edn\u00e1\u0161ku nebo na cokoliv, co se nab\u00edz\u00ed. T\u011b\u017eko vybrat&#8230;<\/p>\n<p><em>Studio ALTA<\/em> je multikulturn\u00ed centrum se zam\u011b\u0159en\u00edm na modern\u00ed tanec (<br \/>\n    <a href=\"https:\/\/www.altart.cz\/\"\/><a href=\"https:\/\/www.altart.cz\/\">https:\/\/www.altart.cz\/<\/a>), ale m\u016f\u017ee\u0161 zde narazit i na cestovatelsk\u00e9 p\u0159edn\u00e1\u0161ky, jako je t\u0159eba tato:<\/p>\n<p><em>Impact Hub<\/em> je inspirativn\u00ed coworkingov\u00fd prostor (co to je si p\u0159e\u010dti zde<br \/>\n    <a href=\"https:\/\/www.hubpraha.cz\/coworking\/\"\/><a href=\"https:\/\/www.hubpraha.cz\/coworking\/\">https:\/\/www.hubpraha.cz\/coworking\/<\/a>) s nep\u0159ebern\u00fdm mno\u017estv\u00edm akc\u00ed, kter\u00e9 zaujmou. Tady nevyberu nic konkretn\u00edho. Prost\u011b si s nimi sesynchronizuj Google kalend\u00e1\u0159 a uvid\u00ed\u0161 to zoufalst\u00ed. Denn\u011b toho tolik prop\u00e1sneme :D!<\/p>\n<p>Jestli si nena\u0161el akci podle tv\u00e9ho vkusu, pak koukni na str\u00e1nky jednotliv\u00fdch projekt\u016f a organizac\u00ed a tam si vyber ze \u0161irok\u00e9 nab\u00eddky. Toto jsou jen m\u00e1, subjektivn\u00ed doporu\u010den\u00ed. Tak ahoj a t\u0159eba se na n\u011bjak\u00e9 potk\u00e1me :).<\/p>\n<p>Klaudi<\/p>\n\r\n\t\t<div class=\"da-reactions-outer TpostID25\">\r\n            \r\n            <div class=\"da-reactions-data da-reactions-container-async center\"\r\n                data-type=\"post\"\r\n                data-id=\"25\"\r\n                data-nonce=\"c354dcdaff\"\r\n                id=\"da-reactions-slot-post-25\">\r\n                <div class=\"da-reactions-exposed\">\r\n                    <img src=\"https:\/\/www.prazskybarcamp.cz\/blog\/wp-content\/plugins\/da-reactions\/assets\/dist\/loading.svg\" alt=\"Loading spinner\" width=\"64\" height=\"64\" style=\"width:64px; height:64px\" \/>\r\n                <\/div>\r\n            <\/div>\r\n        <\/div>","protected":false},"excerpt":{"rendered":"<p><span class=\"rt-reading-time\" style=\"display: block;\"><span class=\"rt-label rt-prefix\">Doba \u010dten\u00ed: <\/span> <span class=\"rt-time\">2<\/span> <span class=\"rt-label rt-postfix\">minuty<\/span><\/span> Za\u010dnu m\u011bstskou knihovnou, ve kter\u00e9 se\u017eene\u0161 zaj\u00edmav\u00e9 p\u0159edn\u00e1\u0161ky za hubi\u010dku. Zajdi si t\u0159eba na: Liter\u00e1rn\u00ed d\u00edlny s Terezou Matou\u0161kovou &#8211; pokud t\u011b bav\u00ed psan\u00ed, dora\u017e na tento workshop. Tereza ti p\u0159edstav\u00ed r\u016fzn\u00e1 cvi\u010den\u00ed a sezn\u00e1m\u00ed\u0161 se s podobn\u011b sm\u00fd\u0161lej\u00edc\u00edmi lidmi, kon\u00e1 se 29.3. a za\u010d\u00e1tek je v 16.00 na Sm\u00edchov\u011b, vstup zdarma, nutn\u00e1 registrace ( [&hellip;]<\/p>\n\r\n\t\t<div class=\"da-reactions-outer TpostID25\">\r\n            \r\n            <div class=\"da-reactions-data da-reactions-container-async center\"\r\n                data-type=\"post\"\r\n                data-id=\"25\"\r\n                data-nonce=\"c354dcdaff\"\r\n                id=\"da-reactions-slot-post-25\">\r\n                <div class=\"da-reactions-exposed\">\r\n                    <img src=\"https:\/\/www.prazskybarcamp.cz\/blog\/wp-content\/plugins\/da-reactions\/assets\/dist\/loading.svg\" alt=\"Loading spinner\" width=\"64\" height=\"64\" style=\"width:64px; height:64px\" \/>\r\n                <\/div>\r\n            <\/div>\r\n        <\/div>","protected":false},"author":2,"featured_media":0,"comment_status":"closed","ping_status":"closed","sticky":false,"template":"","format":"standard","meta":[],"categories":[1],"tags":[],"yoast_head":"<!-- This site is optimized with the Yoast SEO plugin v18.1 - https:\/\/yoast.com\/wordpress\/plugins\/seo\/ -->\n<title>Akce na b\u0159ezen, kter\u00e9 si nesm\u00ed\u0161 nechat uj\u00edt - Prazsky Barcamp<\/title>\n<meta name=\"robots\" content=\"index, follow, max-snippet:-1, max-image-preview:large, max-video-preview:-1\" \/>\n<link rel=\"canonical\" href=\"https:\/\/www.prazskybarcamp.cz\/blog\/akce-na-brezen-ktere-si-nesmis-nechat-ujit\/\" \/>\n<meta property=\"og:locale\" content=\"cs_CZ\" \/>\n<meta property=\"og:type\" content=\"article\" \/>\n<meta property=\"og:title\" content=\"Akce na b\u0159ezen, kter\u00e9 si nesm\u00ed\u0161 nechat uj\u00edt - Prazsky Barcamp\" \/>\n<meta property=\"og:description\" content=\"Doba \u010dten\u00ed: 2 minuty Za\u010dnu m\u011bstskou knihovnou, ve kter\u00e9 se\u017eene\u0161 zaj\u00edmav\u00e9 p\u0159edn\u00e1\u0161ky za hubi\u010dku. Zajdi si t\u0159eba na: Liter\u00e1rn\u00ed d\u00edlny s Terezou Matou\u0161kovou &#8211; pokud t\u011b bav\u00ed psan\u00ed, dora\u017e na tento workshop. Tereza ti p\u0159edstav\u00ed r\u016fzn\u00e1 cvi\u010den\u00ed a sezn\u00e1m\u00ed\u0161 se s podobn\u011b sm\u00fd\u0161lej\u00edc\u00edmi lidmi, kon\u00e1 se 29.3. a za\u010d\u00e1tek je v 16.00 na Sm\u00edchov\u011b, vstup zdarma, nutn\u00e1 registrace ( [&hellip;]\" \/>\n<meta property=\"og:url\" content=\"https:\/\/www.prazskybarcamp.cz\/blog\/akce-na-brezen-ktere-si-nesmis-nechat-ujit\/\" \/>\n<meta property=\"og:site_name\" content=\"Prazsky Barcamp\" \/>\n<meta property=\"article:publisher\" content=\"https:\/\/www.facebook.com\/prazskybarcamp\" \/>\n<meta property=\"article:published_time\" content=\"2019-01-13T23:00:00+00:00\" \/>\n<meta property=\"article:modified_time\" content=\"2019-02-18T12:36:52+00:00\" \/>\n<meta name=\"twitter:card\" content=\"summary_large_image\" \/>\n<meta name=\"twitter:creator\" content=\"@prazskybarcamp\" \/>\n<meta name=\"twitter:site\" content=\"@prazskybarcamp\" \/>\n<meta name=\"twitter:label1\" content=\"Napsal(a)\" \/>\n\t<meta name=\"twitter:data1\" content=\"Pavel Kos\u00edk\" \/>\n\t<meta name=\"twitter:label2\" content=\"Odhadovan\u00e1 doba \u010dten\u00ed\" \/>\n\t<meta name=\"twitter:data2\" content=\"3 minuty\" \/>\n<script type=\"application\/ld+json\" class=\"yoast-schema-graph\">{\"@context\":\"https:\/\/schema.org\",\"@graph\":[{\"@type\":\"Organization\",\"@id\":\"https:\/\/www.prazskybarcamp.cz\/blog\/#organization\",\"name\":\"Pra\u017esk\u00fd Barcamp\",\"url\":\"https:\/\/www.prazskybarcamp.cz\/blog\/\",\"sameAs\":[\"https:\/\/www.facebook.com\/prazskybarcamp\",\"https:\/\/www.instagram.com\/prazsky_barcamp\/\",\"https:\/\/www.linkedin.com\/company\/12614304\/admin\/\",\"https:\/\/www.youtube.com\/c\/Pra\u017esk\u00fdBarcamp\",\"https:\/\/twitter.com\/prazskybarcamp\"],\"logo\":{\"@type\":\"ImageObject\",\"@id\":\"https:\/\/www.prazskybarcamp.cz\/blog\/#logo\",\"inLanguage\":\"cs\",\"url\":\"https:\/\/www.prazskybarcamp.cz\/blog\/wp-content\/uploads\/2020\/05\/BC_barva-1.png\",\"contentUrl\":\"https:\/\/www.prazskybarcamp.cz\/blog\/wp-content\/uploads\/2020\/05\/BC_barva-1.png\",\"width\":1324,\"height\":521,\"caption\":\"Pra\u017esk\u00fd Barcamp\"},\"image\":{\"@id\":\"https:\/\/www.prazskybarcamp.cz\/blog\/#logo\"}},{\"@type\":\"WebSite\",\"@id\":\"https:\/\/www.prazskybarcamp.cz\/blog\/#website\",\"url\":\"https:\/\/www.prazskybarcamp.cz\/blog\/\",\"name\":\"Pra\u017esk\u00fd Barcamp\",\"description\":\"Blog slou\u017e\u00edc\u00ed student\u016fm st\u0159edn\u00ed \u0161koly k rychlej\u0161\u00edmu zji\u0161t\u011bn\u00ed, co je bav\u00ed a v \u010dem maj\u00ed sv\u00e9 vlohy a d\u00edky tomu jsou schopni rychlej\u0161\u00edho zapojen\u00ed na trhu pr\u00e1ce.\",\"publisher\":{\"@id\":\"https:\/\/www.prazskybarcamp.cz\/blog\/#organization\"},\"potentialAction\":[{\"@type\":\"SearchAction\",\"target\":{\"@type\":\"EntryPoint\",\"urlTemplate\":\"https:\/\/www.prazskybarcamp.cz\/blog\/?s={search_term_string}\"},\"query-input\":\"required name=search_term_string\"}],\"inLanguage\":\"cs\"},{\"@type\":\"WebPage\",\"@id\":\"https:\/\/www.prazskybarcamp.cz\/blog\/akce-na-brezen-ktere-si-nesmis-nechat-ujit\/#webpage\",\"url\":\"https:\/\/www.prazskybarcamp.cz\/blog\/akce-na-brezen-ktere-si-nesmis-nechat-ujit\/\",\"name\":\"Akce na b\u0159ezen, kter\u00e9 si nesm\u00ed\u0161 nechat uj\u00edt - Prazsky Barcamp\",\"isPartOf\":{\"@id\":\"https:\/\/www.prazskybarcamp.cz\/blog\/#website\"},\"datePublished\":\"2019-01-13T23:00:00+00:00\",\"dateModified\":\"2019-02-18T12:36:52+00:00\",\"breadcrumb\":{\"@id\":\"https:\/\/www.prazskybarcamp.cz\/blog\/akce-na-brezen-ktere-si-nesmis-nechat-ujit\/#breadcrumb\"},\"inLanguage\":\"cs\",\"potentialAction\":[{\"@type\":\"ReadAction\",\"target\":[\"https:\/\/www.prazskybarcamp.cz\/blog\/akce-na-brezen-ktere-si-nesmis-nechat-ujit\/\"]}]},{\"@type\":\"BreadcrumbList\",\"@id\":\"https:\/\/www.prazskybarcamp.cz\/blog\/akce-na-brezen-ktere-si-nesmis-nechat-ujit\/#breadcrumb\",\"itemListElement\":[{\"@type\":\"ListItem\",\"position\":1,\"name\":\"Dom\u016f\",\"item\":\"https:\/\/www.prazskybarcamp.cz\/blog\/\"},{\"@type\":\"ListItem\",\"position\":2,\"name\":\"Akce na b\u0159ezen, kter\u00e9 si nesm\u00ed\u0161 nechat uj\u00edt\"}]},{\"@type\":\"Article\",\"@id\":\"https:\/\/www.prazskybarcamp.cz\/blog\/akce-na-brezen-ktere-si-nesmis-nechat-ujit\/#article\",\"isPartOf\":{\"@id\":\"https:\/\/www.prazskybarcamp.cz\/blog\/akce-na-brezen-ktere-si-nesmis-nechat-ujit\/#webpage\"},\"author\":{\"@id\":\"https:\/\/www.prazskybarcamp.cz\/blog\/#\/schema\/person\/656cd128d835a2d0137aee64e3afc315\"},\"headline\":\"Akce na b\u0159ezen, kter\u00e9 si nesm\u00ed\u0161 nechat uj\u00edt\",\"datePublished\":\"2019-01-13T23:00:00+00:00\",\"dateModified\":\"2019-02-18T12:36:52+00:00\",\"mainEntityOfPage\":{\"@id\":\"https:\/\/www.prazskybarcamp.cz\/blog\/akce-na-brezen-ktere-si-nesmis-nechat-ujit\/#webpage\"},\"wordCount\":512,\"publisher\":{\"@id\":\"https:\/\/www.prazskybarcamp.cz\/blog\/#organization\"},\"inLanguage\":\"cs\"},{\"@type\":\"Person\",\"@id\":\"https:\/\/www.prazskybarcamp.cz\/blog\/#\/schema\/person\/656cd128d835a2d0137aee64e3afc315\",\"name\":\"Pavel Kos\u00edk\",\"image\":{\"@type\":\"ImageObject\",\"@id\":\"https:\/\/www.prazskybarcamp.cz\/blog\/#personlogo\",\"inLanguage\":\"cs\",\"url\":\"https:\/\/secure.gravatar.com\/avatar\/dec82ab170618be17b8408f3f85b13e4?s=96&d=mm&r=g\",\"contentUrl\":\"https:\/\/secure.gravatar.com\/avatar\/dec82ab170618be17b8408f3f85b13e4?s=96&d=mm&r=g\",\"caption\":\"Pavel Kos\u00edk\"},\"url\":\"https:\/\/www.prazskybarcamp.cz\/blog\/author\/kosik-paseznam-cz\/\"}]}<\/script>\n<!-- \/ Yoast SEO plugin. -->","yoast_head_json":{"title":"Akce na b\u0159ezen, kter\u00e9 si nesm\u00ed\u0161 nechat uj\u00edt - Prazsky Barcamp","robots":{"index":"index","follow":"follow","max-snippet":"max-snippet:-1","max-image-preview":"max-image-preview:large","max-video-preview":"max-video-preview:-1"},"canonical":"https:\/\/www.prazskybarcamp.cz\/blog\/akce-na-brezen-ktere-si-nesmis-nechat-ujit\/","og_locale":"cs_CZ","og_type":"article","og_title":"Akce na b\u0159ezen, kter\u00e9 si nesm\u00ed\u0161 nechat uj\u00edt - Prazsky Barcamp","og_description":"Doba \u010dten\u00ed: 2 minuty Za\u010dnu m\u011bstskou knihovnou, ve kter\u00e9 se\u017eene\u0161 zaj\u00edmav\u00e9 p\u0159edn\u00e1\u0161ky za hubi\u010dku. Zajdi si t\u0159eba na: Liter\u00e1rn\u00ed d\u00edlny s Terezou Matou\u0161kovou &#8211; pokud t\u011b bav\u00ed psan\u00ed, dora\u017e na tento workshop. Tereza ti p\u0159edstav\u00ed r\u016fzn\u00e1 cvi\u010den\u00ed a sezn\u00e1m\u00ed\u0161 se s podobn\u011b sm\u00fd\u0161lej\u00edc\u00edmi lidmi, kon\u00e1 se 29.3. a za\u010d\u00e1tek je v 16.00 na Sm\u00edchov\u011b, vstup zdarma, nutn\u00e1 registrace ( [&hellip;]","og_url":"https:\/\/www.prazskybarcamp.cz\/blog\/akce-na-brezen-ktere-si-nesmis-nechat-ujit\/","og_site_name":"Prazsky Barcamp","article_publisher":"https:\/\/www.facebook.com\/prazskybarcamp","article_published_time":"2019-01-13T23:00:00+00:00","article_modified_time":"2019-02-18T12:36:52+00:00","twitter_card":"summary_large_image","twitter_creator":"@prazskybarcamp","twitter_site":"@prazskybarcamp","twitter_misc":{"Napsal(a)":"Pavel Kos\u00edk","Odhadovan\u00e1 doba \u010dten\u00ed":"3 minuty"},"schema":{"@context":"https:\/\/schema.org","@graph":[{"@type":"Organization","@id":"https:\/\/www.prazskybarcamp.cz\/blog\/#organization","name":"Pra\u017esk\u00fd Barcamp","url":"https:\/\/www.prazskybarcamp.cz\/blog\/","sameAs":["https:\/\/www.facebook.com\/prazskybarcamp","https:\/\/www.instagram.com\/prazsky_barcamp\/","https:\/\/www.linkedin.com\/company\/12614304\/admin\/","https:\/\/www.youtube.com\/c\/Pra\u017esk\u00fdBarcamp","https:\/\/twitter.com\/prazskybarcamp"],"logo":{"@type":"ImageObject","@id":"https:\/\/www.prazskybarcamp.cz\/blog\/#logo","inLanguage":"cs","url":"https:\/\/www.prazskybarcamp.cz\/blog\/wp-content\/uploads\/2020\/05\/BC_barva-1.png","contentUrl":"https:\/\/www.prazskybarcamp.cz\/blog\/wp-content\/uploads\/2020\/05\/BC_barva-1.png","width":1324,"height":521,"caption":"Pra\u017esk\u00fd Barcamp"},"image":{"@id":"https:\/\/www.prazskybarcamp.cz\/blog\/#logo"}},{"@type":"WebSite","@id":"https:\/\/www.prazskybarcamp.cz\/blog\/#website","url":"https:\/\/www.prazskybarcamp.cz\/blog\/","name":"Pra\u017esk\u00fd Barcamp","description":"Blog slou\u017e\u00edc\u00ed student\u016fm st\u0159edn\u00ed \u0161koly k rychlej\u0161\u00edmu zji\u0161t\u011bn\u00ed, co je bav\u00ed a v \u010dem maj\u00ed sv\u00e9 vlohy a d\u00edky tomu jsou schopni rychlej\u0161\u00edho zapojen\u00ed na trhu pr\u00e1ce.","publisher":{"@id":"https:\/\/www.prazskybarcamp.cz\/blog\/#organization"},"potentialAction":[{"@type":"SearchAction","target":{"@type":"EntryPoint","urlTemplate":"https:\/\/www.prazskybarcamp.cz\/blog\/?s={search_term_string}"},"query-input":"required name=search_term_string"}],"inLanguage":"cs"},{"@type":"WebPage","@id":"https:\/\/www.prazskybarcamp.cz\/blog\/akce-na-brezen-ktere-si-nesmis-nechat-ujit\/#webpage","url":"https:\/\/www.prazskybarcamp.cz\/blog\/akce-na-brezen-ktere-si-nesmis-nechat-ujit\/","name":"Akce na b\u0159ezen, kter\u00e9 si nesm\u00ed\u0161 nechat uj\u00edt - Prazsky Barcamp","isPartOf":{"@id":"https:\/\/www.prazskybarcamp.cz\/blog\/#website"},"datePublished":"2019-01-13T23:00:00+00:00","dateModified":"2019-02-18T12:36:52+00:00","breadcrumb":{"@id":"https:\/\/www.prazskybarcamp.cz\/blog\/akce-na-brezen-ktere-si-nesmis-nechat-ujit\/#breadcrumb"},"inLanguage":"cs","potentialAction":[{"@type":"ReadAction","target":["https:\/\/www.prazskybarcamp.cz\/blog\/akce-na-brezen-ktere-si-nesmis-nechat-ujit\/"]}]},{"@type":"BreadcrumbList","@id":"https:\/\/www.prazskybarcamp.cz\/blog\/akce-na-brezen-ktere-si-nesmis-nechat-ujit\/#breadcrumb","itemListElement":[{"@type":"ListItem","position":1,"name":"Dom\u016f","item":"https:\/\/www.prazskybarcamp.cz\/blog\/"},{"@type":"ListItem","position":2,"name":"Akce na b\u0159ezen, kter\u00e9 si nesm\u00ed\u0161 nechat uj\u00edt"}]},{"@type":"Article","@id":"https:\/\/www.prazskybarcamp.cz\/blog\/akce-na-brezen-ktere-si-nesmis-nechat-ujit\/#article","isPartOf":{"@id":"https:\/\/www.prazskybarcamp.cz\/blog\/akce-na-brezen-ktere-si-nesmis-nechat-ujit\/#webpage"},"author":{"@id":"https:\/\/www.prazskybarcamp.cz\/blog\/#\/schema\/person\/656cd128d835a2d0137aee64e3afc315"},"headline":"Akce na b\u0159ezen, kter\u00e9 si nesm\u00ed\u0161 nechat uj\u00edt","datePublished":"2019-01-13T23:00:00+00:00","dateModified":"2019-02-18T12:36:52+00:00","mainEntityOfPage":{"@id":"https:\/\/www.prazskybarcamp.cz\/blog\/akce-na-brezen-ktere-si-nesmis-nechat-ujit\/#webpage"},"wordCount":512,"publisher":{"@id":"https:\/\/www.prazskybarcamp.cz\/blog\/#organization"},"inLanguage":"cs"},{"@type":"Person","@id":"https:\/\/www.prazskybarcamp.cz\/blog\/#\/schema\/person\/656cd128d835a2d0137aee64e3afc315","name":"Pavel Kos\u00edk","image":{"@type":"ImageObject","@id":"https:\/\/www.prazskybarcamp.cz\/blog\/#personlogo","inLanguage":"cs","url":"https:\/\/secure.gravatar.com\/avatar\/dec82ab170618be17b8408f3f85b13e4?s=96&d=mm&r=g","contentUrl":"https:\/\/secure.gravatar.com\/avatar\/dec82ab170618be17b8408f3f85b13e4?s=96&d=mm&r=g","caption":"Pavel Kos\u00edk"},"url":"https:\/\/www.prazskybarcamp.cz\/blog\/author\/kosik-paseznam-cz\/"}]}},"_links":{"self":[{"href":"https:\/\/www.prazskybarcamp.cz\/blog\/wp-json\/wp\/v2\/posts\/25"}],"collection":[{"href":"https:\/\/www.prazskybarcamp.cz\/blog\/wp-json\/wp\/v2\/posts"}],"about":[{"href":"https:\/\/www.prazskybarcamp.cz\/blog\/wp-json\/wp\/v2\/types\/post"}],"author":[{"embeddable":true,"href":"https:\/\/www.prazskybarcamp.cz\/blog\/wp-json\/wp\/v2\/users\/2"}],"replies":[{"embeddable":true,"href":"https:\/\/www.prazskybarcamp.cz\/blog\/wp-json\/wp\/v2\/comments?post=25"}],"version-history":[{"count":1,"href":"https:\/\/www.prazskybarcamp.cz\/blog\/wp-json\/wp\/v2\/posts\/25\/revisions"}],"predecessor-version":[{"id":72,"href":"https:\/\/www.prazskybarcamp.cz\/blog\/wp-json\/wp\/v2\/posts\/25\/revisions\/72"}],"wp:attachment":[{"href":"https:\/\/www.prazskybarcamp.cz\/blog\/wp-json\/wp\/v2\/media?parent=25"}],"wp:term":[{"taxonomy":"category","embeddable":true,"href":"https:\/\/www.prazskybarcamp.cz\/blog\/wp-json\/wp\/v2\/categories?post=25"},{"taxonomy":"post_tag","embeddable":true,"href":"https:\/\/www.prazskybarcamp.cz\/blog\/wp-json\/wp\/v2\/tags?post=25"}],"curies":[{"name":"wp","href":"https:\/\/api.w.org\/{rel}","templated":true}]}}