{"id":23,"date":"2019-01-12T00:00:00","date_gmt":"2019-01-11T23:00:00","guid":{"rendered":"https:\/\/www.prazskybarcamp.cz\/blog\/vzdelani-na-prazdniny"},"modified":"2019-02-18T13:36:52","modified_gmt":"2019-02-18T12:36:52","slug":"vzdelani-na-prazdniny","status":"publish","type":"post","link":"https:\/\/www.prazskybarcamp.cz\/blog\/vzdelani-na-prazdniny\/","title":{"rendered":"Vzd\u011bl\u00e1n\u00ed na pr\u00e1zdniny"},"content":{"rendered":"<span class=\"rt-reading-time\" style=\"display: block;\"><span class=\"rt-label rt-prefix\">Doba \u010dten\u00ed: <\/span> <span class=\"rt-time\">&lt; 1<\/span> <span class=\"rt-label rt-postfix\">minuta<\/span><\/span><p>Vysv\u011bd\u010den\u00ed p\u0159ed\u00e1no, \u0161kola zav\u0159ela sv\u00e9 dve\u0159e a kone\u010dn\u011b m\u016f\u017ee za\u010d\u00edt n\u011bco, na co jsme se v\u0161ichni tak dlouhou dobu t\u011b\u0161ili \u2013 pr\u00e1zdniny! U\u017e \u017e\u00e1dn\u00e9 po\u010d\u00edt\u00e1n\u00ed rovnic, \u017e\u00e1dn\u00e9 drcen\u00ed d\u011bjin n\u00e1roda, \u017e\u00e1dn\u00e9 \u00famorn\u00e9 dikt\u00e1ty, u\u017e jenom kr\u00e1sn\u00e9 dvoum\u011bs\u00ed\u010dn\u00ed volno! Ur\u010dit\u011b u\u017e n\u011bkam bal\u00ed\u0161 kufry a chyst\u00e1\u0161 se na po\u0159\u00e1dnou cestu, proto ti zde p\u0159in\u00e1\u0161\u00edm n\u011bjak\u00e9 to po\u010dten\u00ed a poslouch\u00e1n\u00ed, aby ti ut\u00edkala rychleji.<\/p>\n<p>\n    <\/p>\n<p>I kdy\u017e m\u00e1\u0161 u\u010den\u00ed za sebou, i o pr\u00e1zdnin\u00e1ch je ale dobr\u00e9 se osobn\u011b rozv\u00edjet. Nov\u00fd pohled na v\u011bc ti uk\u00e1\u017ee Facebookov\u00e1 str\u00e1nka Kritick\u00e9 my\u0161len\u00ed<br \/>\n    <a href=\"https:\/\/www.facebook.com\/krimys\/\"\/><a href=\"https:\/\/www.facebook.com\/krimys\/\">https:\/\/www.facebook.com\/krimys\/<\/a>, kter\u00e1 se sna\u017e\u00ed o to, aby lid\u00e9 kriticky p\u0159em\u00fd\u0161leli a pou\u017e\u00edvali rozum.<\/p>\n<p>Audiokniha Design\u00e9rem osobn\u00edho \u017eivota od Billa Burnetta a Davea Evanse ti zase uk\u00e1\u017ee, jak si m\u016f\u017ee\u0161 navrhnout sv\u016fj spokojen\u00fd \u017eivot na m\u00edru p\u0159esn\u011b jako design\u00e9r. Dozv\u00ed\u0161 se:<\/p>\n<ul>\n<li>pro\u010d je to tak v\u00fdhodn\u00e9<\/li>\n<li>\u017ee nejhor\u0161\u00ed metodou hled\u00e1n\u00ed pr\u00e1ce je odpov\u00eddat na inzer\u00e1ty a jak to d\u011blat l\u00e9pe<\/li>\n<li>pro\u010d se lid\u00e9 v \u00favah\u00e1ch o sv\u00e9m \u017eivot\u011b \u201ezasek\u00e1vaj\u00ed\u201c a jak z toho ven<\/li>\n<li>co jsou to prototypovac\u00ed rozhovory s lidmi, kte\u0159\u00ed ji\u017e maj\u00ed pr\u00e1ci, o n\u00ed\u017e sn\u00ed\u0161<\/li>\n<li>jak se efektivn\u011b u\u010dit z chyb a z\u00edskat imunitu v\u016f\u010di pocitu selh\u00e1n\u00ed<\/li>\n<li>co jsou to Pohledy na pr\u00e1ci, Pohledy na \u017eivot, Palubn\u00ed deska \u017eivota a pro\u010d by sis je m\u011bl sepsat<\/li>\n<li>koho zapojit do designov\u00e1n\u00ed sv\u00e9ho \u017eivota a co t\u00edm z\u00edsk\u00e1\u0161<\/li>\n<li>jak neuv\u00edznout v pasti nerozhodnosti<\/li>\n<\/ul>\n<p>Za 349,- m\u016f\u017ee\u0161 st\u00e1hnout na t\u00e9to str\u00e1nce:<br \/>\n    <a href=\"https:\/\/www.progresguru.cz\/audioknihy\/84-designerem-vlastniho-zivota-bill-burnett-dave-evans\"\/><a href=\"https:\/\/www.progresguru.cz\/audioknihy\/84-designerem-vlastniho-zivota-bill-burnett-dave-evans\">https:\/\/www.progresguru.cz\/audioknihy\/84-designerem-vlastniho-zivota-bill-burnett-dave-evans<\/a><\/p>\n<p>D\u00e1le si m\u016f\u017ee\u0161 poslechnout p\u00e1r zaj\u00edmav\u00fdch rozhovor\u016f. Nap\u0159\u00edklad Petr Ludwig vyzpov\u00eddal snowboardistku Evu Samkovou, a to jak o z\u00e1vod\u011bn\u00ed, tak o syndromu vyho\u0159en\u00ed, kter\u00fd ji potkal po neuv\u011b\u0159iteln\u00e9m medi\u00e1ln\u00edm z\u00e1jmu o jej\u00ed osobu po v\u00fdh\u0159e na zimn\u00ed olympi\u00e1d\u011b v So\u010di<br \/>\n    <a href=\"https:\/\/www.petrludwig.com\/deeptalks\/06-eva-samkova\"\/><a href=\"https:\/\/www.petrludwig.com\/deeptalks\/06-eva-samkova\">https:\/\/www.petrludwig.com\/deeptalks\/06-eva-samkova<\/a>. D\u00e1le si m\u016f\u017ee\u0161 poslechnout rozhovor od Ji\u0159\u00edho Rosteck\u00fdho, zakladatele str\u00e1nky Mlad\u00fdPodnikatel.cz, kter\u00fd zase vyzpov\u00eddal Helenu Ko\u0161\u0165\u00e1lovou z EKS o tom, co \u010din\u00ed zam\u011bstnance v pr\u00e1ci \u0161\u0165astn\u00fdmi<br \/>\n    <a href=\"https:\/\/mladypodnikatel.cz\/helena-kostalova-eks-co-cini-zamestnance-v-praci-stastnymi-t35012\"\/><a href=\"https:\/\/mladypodnikatel.cz\/helena-kostalova-eks-co-cini-zamestnance-v-praci-stastnymi-t35012\">https:\/\/mladypodnikatel.cz\/helena-kostalova-eks-co-cini-zamestnance-v-praci-stastnymi-t35012<\/a>.<\/p>\n<p>Douf\u00e1m, \u017ee t\u011b n\u011bco zaujalo a p\u0159eji ti kr\u00e1sn\u00e9 pr\u00e1zdniny!<\/p>\n<p>Pao<\/p>\n\r\n\t\t<div class=\"da-reactions-outer TpostID23\">\r\n            \r\n            <div class=\"da-reactions-data da-reactions-container-async center\"\r\n                data-type=\"post\"\r\n                data-id=\"23\"\r\n                data-nonce=\"1e0a14138b\"\r\n                id=\"da-reactions-slot-post-23\">\r\n                <div class=\"da-reactions-exposed\">\r\n                    <img src=\"https:\/\/www.prazskybarcamp.cz\/blog\/wp-content\/plugins\/da-reactions\/assets\/dist\/loading.svg\" alt=\"Loading spinner\" width=\"64\" height=\"64\" style=\"width:64px; height:64px\" \/>\r\n                <\/div>\r\n            <\/div>\r\n        <\/div>","protected":false},"excerpt":{"rendered":"<p><span class=\"rt-reading-time\" style=\"display: block;\"><span class=\"rt-label rt-prefix\">Doba \u010dten\u00ed: <\/span> <span class=\"rt-time\">&lt; 1<\/span> <span class=\"rt-label rt-postfix\">minuta<\/span><\/span> Vysv\u011bd\u010den\u00ed p\u0159ed\u00e1no, \u0161kola zav\u0159ela sv\u00e9 dve\u0159e a kone\u010dn\u011b m\u016f\u017ee za\u010d\u00edt n\u011bco, na co jsme se v\u0161ichni tak dlouhou dobu t\u011b\u0161ili \u2013 pr\u00e1zdniny! U\u017e \u017e\u00e1dn\u00e9 po\u010d\u00edt\u00e1n\u00ed rovnic, \u017e\u00e1dn\u00e9 drcen\u00ed d\u011bjin n\u00e1roda, \u017e\u00e1dn\u00e9 \u00famorn\u00e9 dikt\u00e1ty, u\u017e jenom kr\u00e1sn\u00e9 dvoum\u011bs\u00ed\u010dn\u00ed volno! Ur\u010dit\u011b u\u017e n\u011bkam bal\u00ed\u0161 kufry a chyst\u00e1\u0161 se na po\u0159\u00e1dnou cestu, proto ti zde p\u0159in\u00e1\u0161\u00edm n\u011bjak\u00e9 to [&hellip;]<\/p>\n\r\n\t\t<div class=\"da-reactions-outer TpostID23\">\r\n            \r\n            <div class=\"da-reactions-data da-reactions-container-async center\"\r\n                data-type=\"post\"\r\n                data-id=\"23\"\r\n                data-nonce=\"1e0a14138b\"\r\n                id=\"da-reactions-slot-post-23\">\r\n                <div class=\"da-reactions-exposed\">\r\n                    <img src=\"https:\/\/www.prazskybarcamp.cz\/blog\/wp-content\/plugins\/da-reactions\/assets\/dist\/loading.svg\" alt=\"Loading spinner\" width=\"64\" height=\"64\" style=\"width:64px; height:64px\" \/>\r\n                <\/div>\r\n            <\/div>\r\n        <\/div>","protected":false},"author":2,"featured_media":0,"comment_status":"closed","ping_status":"closed","sticky":false,"template":"","format":"standard","meta":[],"categories":[1],"tags":[],"yoast_head":"<!-- This site is optimized with the Yoast SEO plugin v18.1 - https:\/\/yoast.com\/wordpress\/plugins\/seo\/ -->\n<title>Vzd\u011bl\u00e1n\u00ed na pr\u00e1zdniny - Prazsky Barcamp<\/title>\n<meta name=\"robots\" content=\"index, follow, max-snippet:-1, max-image-preview:large, max-video-preview:-1\" \/>\n<link rel=\"canonical\" href=\"https:\/\/www.prazskybarcamp.cz\/blog\/vzdelani-na-prazdniny\/\" \/>\n<meta property=\"og:locale\" content=\"cs_CZ\" \/>\n<meta property=\"og:type\" content=\"article\" \/>\n<meta property=\"og:title\" content=\"Vzd\u011bl\u00e1n\u00ed na pr\u00e1zdniny - Prazsky Barcamp\" \/>\n<meta property=\"og:description\" content=\"Doba \u010dten\u00ed: &lt; 1 minuta Vysv\u011bd\u010den\u00ed p\u0159ed\u00e1no, \u0161kola zav\u0159ela sv\u00e9 dve\u0159e a kone\u010dn\u011b m\u016f\u017ee za\u010d\u00edt n\u011bco, na co jsme se v\u0161ichni tak dlouhou dobu t\u011b\u0161ili \u2013 pr\u00e1zdniny! U\u017e \u017e\u00e1dn\u00e9 po\u010d\u00edt\u00e1n\u00ed rovnic, \u017e\u00e1dn\u00e9 drcen\u00ed d\u011bjin n\u00e1roda, \u017e\u00e1dn\u00e9 \u00famorn\u00e9 dikt\u00e1ty, u\u017e jenom kr\u00e1sn\u00e9 dvoum\u011bs\u00ed\u010dn\u00ed volno! Ur\u010dit\u011b u\u017e n\u011bkam bal\u00ed\u0161 kufry a chyst\u00e1\u0161 se na po\u0159\u00e1dnou cestu, proto ti zde p\u0159in\u00e1\u0161\u00edm n\u011bjak\u00e9 to [&hellip;]\" \/>\n<meta property=\"og:url\" content=\"https:\/\/www.prazskybarcamp.cz\/blog\/vzdelani-na-prazdniny\/\" \/>\n<meta property=\"og:site_name\" content=\"Prazsky Barcamp\" \/>\n<meta property=\"article:publisher\" content=\"https:\/\/www.facebook.com\/prazskybarcamp\" \/>\n<meta property=\"article:published_time\" content=\"2019-01-11T23:00:00+00:00\" \/>\n<meta property=\"article:modified_time\" content=\"2019-02-18T12:36:52+00:00\" \/>\n<meta name=\"twitter:card\" content=\"summary_large_image\" \/>\n<meta name=\"twitter:creator\" content=\"@prazskybarcamp\" \/>\n<meta name=\"twitter:site\" content=\"@prazskybarcamp\" \/>\n<meta name=\"twitter:label1\" content=\"Napsal(a)\" \/>\n\t<meta name=\"twitter:data1\" content=\"Pavel Kos\u00edk\" \/>\n\t<meta name=\"twitter:label2\" content=\"Odhadovan\u00e1 doba \u010dten\u00ed\" \/>\n\t<meta name=\"twitter:data2\" content=\"2 minuty\" \/>\n<script type=\"application\/ld+json\" class=\"yoast-schema-graph\">{\"@context\":\"https:\/\/schema.org\",\"@graph\":[{\"@type\":\"Organization\",\"@id\":\"https:\/\/www.prazskybarcamp.cz\/blog\/#organization\",\"name\":\"Pra\u017esk\u00fd Barcamp\",\"url\":\"https:\/\/www.prazskybarcamp.cz\/blog\/\",\"sameAs\":[\"https:\/\/www.facebook.com\/prazskybarcamp\",\"https:\/\/www.instagram.com\/prazsky_barcamp\/\",\"https:\/\/www.linkedin.com\/company\/12614304\/admin\/\",\"https:\/\/www.youtube.com\/c\/Pra\u017esk\u00fdBarcamp\",\"https:\/\/twitter.com\/prazskybarcamp\"],\"logo\":{\"@type\":\"ImageObject\",\"@id\":\"https:\/\/www.prazskybarcamp.cz\/blog\/#logo\",\"inLanguage\":\"cs\",\"url\":\"https:\/\/www.prazskybarcamp.cz\/blog\/wp-content\/uploads\/2020\/05\/BC_barva-1.png\",\"contentUrl\":\"https:\/\/www.prazskybarcamp.cz\/blog\/wp-content\/uploads\/2020\/05\/BC_barva-1.png\",\"width\":1324,\"height\":521,\"caption\":\"Pra\u017esk\u00fd Barcamp\"},\"image\":{\"@id\":\"https:\/\/www.prazskybarcamp.cz\/blog\/#logo\"}},{\"@type\":\"WebSite\",\"@id\":\"https:\/\/www.prazskybarcamp.cz\/blog\/#website\",\"url\":\"https:\/\/www.prazskybarcamp.cz\/blog\/\",\"name\":\"Pra\u017esk\u00fd Barcamp\",\"description\":\"Blog slou\u017e\u00edc\u00ed student\u016fm st\u0159edn\u00ed \u0161koly k rychlej\u0161\u00edmu zji\u0161t\u011bn\u00ed, co je bav\u00ed a v \u010dem maj\u00ed sv\u00e9 vlohy a d\u00edky tomu jsou schopni rychlej\u0161\u00edho zapojen\u00ed na trhu pr\u00e1ce.\",\"publisher\":{\"@id\":\"https:\/\/www.prazskybarcamp.cz\/blog\/#organization\"},\"potentialAction\":[{\"@type\":\"SearchAction\",\"target\":{\"@type\":\"EntryPoint\",\"urlTemplate\":\"https:\/\/www.prazskybarcamp.cz\/blog\/?s={search_term_string}\"},\"query-input\":\"required name=search_term_string\"}],\"inLanguage\":\"cs\"},{\"@type\":\"WebPage\",\"@id\":\"https:\/\/www.prazskybarcamp.cz\/blog\/vzdelani-na-prazdniny\/#webpage\",\"url\":\"https:\/\/www.prazskybarcamp.cz\/blog\/vzdelani-na-prazdniny\/\",\"name\":\"Vzd\u011bl\u00e1n\u00ed na pr\u00e1zdniny - Prazsky Barcamp\",\"isPartOf\":{\"@id\":\"https:\/\/www.prazskybarcamp.cz\/blog\/#website\"},\"datePublished\":\"2019-01-11T23:00:00+00:00\",\"dateModified\":\"2019-02-18T12:36:52+00:00\",\"breadcrumb\":{\"@id\":\"https:\/\/www.prazskybarcamp.cz\/blog\/vzdelani-na-prazdniny\/#breadcrumb\"},\"inLanguage\":\"cs\",\"potentialAction\":[{\"@type\":\"ReadAction\",\"target\":[\"https:\/\/www.prazskybarcamp.cz\/blog\/vzdelani-na-prazdniny\/\"]}]},{\"@type\":\"BreadcrumbList\",\"@id\":\"https:\/\/www.prazskybarcamp.cz\/blog\/vzdelani-na-prazdniny\/#breadcrumb\",\"itemListElement\":[{\"@type\":\"ListItem\",\"position\":1,\"name\":\"Dom\u016f\",\"item\":\"https:\/\/www.prazskybarcamp.cz\/blog\/\"},{\"@type\":\"ListItem\",\"position\":2,\"name\":\"Vzd\u011bl\u00e1n\u00ed na pr\u00e1zdniny\"}]},{\"@type\":\"Article\",\"@id\":\"https:\/\/www.prazskybarcamp.cz\/blog\/vzdelani-na-prazdniny\/#article\",\"isPartOf\":{\"@id\":\"https:\/\/www.prazskybarcamp.cz\/blog\/vzdelani-na-prazdniny\/#webpage\"},\"author\":{\"@id\":\"https:\/\/www.prazskybarcamp.cz\/blog\/#\/schema\/person\/656cd128d835a2d0137aee64e3afc315\"},\"headline\":\"Vzd\u011bl\u00e1n\u00ed na pr\u00e1zdniny\",\"datePublished\":\"2019-01-11T23:00:00+00:00\",\"dateModified\":\"2019-02-18T12:36:52+00:00\",\"mainEntityOfPage\":{\"@id\":\"https:\/\/www.prazskybarcamp.cz\/blog\/vzdelani-na-prazdniny\/#webpage\"},\"wordCount\":440,\"publisher\":{\"@id\":\"https:\/\/www.prazskybarcamp.cz\/blog\/#organization\"},\"inLanguage\":\"cs\"},{\"@type\":\"Person\",\"@id\":\"https:\/\/www.prazskybarcamp.cz\/blog\/#\/schema\/person\/656cd128d835a2d0137aee64e3afc315\",\"name\":\"Pavel Kos\u00edk\",\"image\":{\"@type\":\"ImageObject\",\"@id\":\"https:\/\/www.prazskybarcamp.cz\/blog\/#personlogo\",\"inLanguage\":\"cs\",\"url\":\"https:\/\/secure.gravatar.com\/avatar\/dec82ab170618be17b8408f3f85b13e4?s=96&d=mm&r=g\",\"contentUrl\":\"https:\/\/secure.gravatar.com\/avatar\/dec82ab170618be17b8408f3f85b13e4?s=96&d=mm&r=g\",\"caption\":\"Pavel Kos\u00edk\"},\"url\":\"https:\/\/www.prazskybarcamp.cz\/blog\/author\/kosik-paseznam-cz\/\"}]}<\/script>\n<!-- \/ Yoast SEO plugin. -->","yoast_head_json":{"title":"Vzd\u011bl\u00e1n\u00ed na pr\u00e1zdniny - Prazsky Barcamp","robots":{"index":"index","follow":"follow","max-snippet":"max-snippet:-1","max-image-preview":"max-image-preview:large","max-video-preview":"max-video-preview:-1"},"canonical":"https:\/\/www.prazskybarcamp.cz\/blog\/vzdelani-na-prazdniny\/","og_locale":"cs_CZ","og_type":"article","og_title":"Vzd\u011bl\u00e1n\u00ed na pr\u00e1zdniny - Prazsky Barcamp","og_description":"Doba \u010dten\u00ed: &lt; 1 minuta Vysv\u011bd\u010den\u00ed p\u0159ed\u00e1no, \u0161kola zav\u0159ela sv\u00e9 dve\u0159e a kone\u010dn\u011b m\u016f\u017ee za\u010d\u00edt n\u011bco, na co jsme se v\u0161ichni tak dlouhou dobu t\u011b\u0161ili \u2013 pr\u00e1zdniny! U\u017e \u017e\u00e1dn\u00e9 po\u010d\u00edt\u00e1n\u00ed rovnic, \u017e\u00e1dn\u00e9 drcen\u00ed d\u011bjin n\u00e1roda, \u017e\u00e1dn\u00e9 \u00famorn\u00e9 dikt\u00e1ty, u\u017e jenom kr\u00e1sn\u00e9 dvoum\u011bs\u00ed\u010dn\u00ed volno! Ur\u010dit\u011b u\u017e n\u011bkam bal\u00ed\u0161 kufry a chyst\u00e1\u0161 se na po\u0159\u00e1dnou cestu, proto ti zde p\u0159in\u00e1\u0161\u00edm n\u011bjak\u00e9 to [&hellip;]","og_url":"https:\/\/www.prazskybarcamp.cz\/blog\/vzdelani-na-prazdniny\/","og_site_name":"Prazsky Barcamp","article_publisher":"https:\/\/www.facebook.com\/prazskybarcamp","article_published_time":"2019-01-11T23:00:00+00:00","article_modified_time":"2019-02-18T12:36:52+00:00","twitter_card":"summary_large_image","twitter_creator":"@prazskybarcamp","twitter_site":"@prazskybarcamp","twitter_misc":{"Napsal(a)":"Pavel Kos\u00edk","Odhadovan\u00e1 doba \u010dten\u00ed":"2 minuty"},"schema":{"@context":"https:\/\/schema.org","@graph":[{"@type":"Organization","@id":"https:\/\/www.prazskybarcamp.cz\/blog\/#organization","name":"Pra\u017esk\u00fd Barcamp","url":"https:\/\/www.prazskybarcamp.cz\/blog\/","sameAs":["https:\/\/www.facebook.com\/prazskybarcamp","https:\/\/www.instagram.com\/prazsky_barcamp\/","https:\/\/www.linkedin.com\/company\/12614304\/admin\/","https:\/\/www.youtube.com\/c\/Pra\u017esk\u00fdBarcamp","https:\/\/twitter.com\/prazskybarcamp"],"logo":{"@type":"ImageObject","@id":"https:\/\/www.prazskybarcamp.cz\/blog\/#logo","inLanguage":"cs","url":"https:\/\/www.prazskybarcamp.cz\/blog\/wp-content\/uploads\/2020\/05\/BC_barva-1.png","contentUrl":"https:\/\/www.prazskybarcamp.cz\/blog\/wp-content\/uploads\/2020\/05\/BC_barva-1.png","width":1324,"height":521,"caption":"Pra\u017esk\u00fd Barcamp"},"image":{"@id":"https:\/\/www.prazskybarcamp.cz\/blog\/#logo"}},{"@type":"WebSite","@id":"https:\/\/www.prazskybarcamp.cz\/blog\/#website","url":"https:\/\/www.prazskybarcamp.cz\/blog\/","name":"Pra\u017esk\u00fd Barcamp","description":"Blog slou\u017e\u00edc\u00ed student\u016fm st\u0159edn\u00ed \u0161koly k rychlej\u0161\u00edmu zji\u0161t\u011bn\u00ed, co je bav\u00ed a v \u010dem maj\u00ed sv\u00e9 vlohy a d\u00edky tomu jsou schopni rychlej\u0161\u00edho zapojen\u00ed na trhu pr\u00e1ce.","publisher":{"@id":"https:\/\/www.prazskybarcamp.cz\/blog\/#organization"},"potentialAction":[{"@type":"SearchAction","target":{"@type":"EntryPoint","urlTemplate":"https:\/\/www.prazskybarcamp.cz\/blog\/?s={search_term_string}"},"query-input":"required name=search_term_string"}],"inLanguage":"cs"},{"@type":"WebPage","@id":"https:\/\/www.prazskybarcamp.cz\/blog\/vzdelani-na-prazdniny\/#webpage","url":"https:\/\/www.prazskybarcamp.cz\/blog\/vzdelani-na-prazdniny\/","name":"Vzd\u011bl\u00e1n\u00ed na pr\u00e1zdniny - Prazsky Barcamp","isPartOf":{"@id":"https:\/\/www.prazskybarcamp.cz\/blog\/#website"},"datePublished":"2019-01-11T23:00:00+00:00","dateModified":"2019-02-18T12:36:52+00:00","breadcrumb":{"@id":"https:\/\/www.prazskybarcamp.cz\/blog\/vzdelani-na-prazdniny\/#breadcrumb"},"inLanguage":"cs","potentialAction":[{"@type":"ReadAction","target":["https:\/\/www.prazskybarcamp.cz\/blog\/vzdelani-na-prazdniny\/"]}]},{"@type":"BreadcrumbList","@id":"https:\/\/www.prazskybarcamp.cz\/blog\/vzdelani-na-prazdniny\/#breadcrumb","itemListElement":[{"@type":"ListItem","position":1,"name":"Dom\u016f","item":"https:\/\/www.prazskybarcamp.cz\/blog\/"},{"@type":"ListItem","position":2,"name":"Vzd\u011bl\u00e1n\u00ed na pr\u00e1zdniny"}]},{"@type":"Article","@id":"https:\/\/www.prazskybarcamp.cz\/blog\/vzdelani-na-prazdniny\/#article","isPartOf":{"@id":"https:\/\/www.prazskybarcamp.cz\/blog\/vzdelani-na-prazdniny\/#webpage"},"author":{"@id":"https:\/\/www.prazskybarcamp.cz\/blog\/#\/schema\/person\/656cd128d835a2d0137aee64e3afc315"},"headline":"Vzd\u011bl\u00e1n\u00ed na pr\u00e1zdniny","datePublished":"2019-01-11T23:00:00+00:00","dateModified":"2019-02-18T12:36:52+00:00","mainEntityOfPage":{"@id":"https:\/\/www.prazskybarcamp.cz\/blog\/vzdelani-na-prazdniny\/#webpage"},"wordCount":440,"publisher":{"@id":"https:\/\/www.prazskybarcamp.cz\/blog\/#organization"},"inLanguage":"cs"},{"@type":"Person","@id":"https:\/\/www.prazskybarcamp.cz\/blog\/#\/schema\/person\/656cd128d835a2d0137aee64e3afc315","name":"Pavel Kos\u00edk","image":{"@type":"ImageObject","@id":"https:\/\/www.prazskybarcamp.cz\/blog\/#personlogo","inLanguage":"cs","url":"https:\/\/secure.gravatar.com\/avatar\/dec82ab170618be17b8408f3f85b13e4?s=96&d=mm&r=g","contentUrl":"https:\/\/secure.gravatar.com\/avatar\/dec82ab170618be17b8408f3f85b13e4?s=96&d=mm&r=g","caption":"Pavel Kos\u00edk"},"url":"https:\/\/www.prazskybarcamp.cz\/blog\/author\/kosik-paseznam-cz\/"}]}},"_links":{"self":[{"href":"https:\/\/www.prazskybarcamp.cz\/blog\/wp-json\/wp\/v2\/posts\/23"}],"collection":[{"href":"https:\/\/www.prazskybarcamp.cz\/blog\/wp-json\/wp\/v2\/posts"}],"about":[{"href":"https:\/\/www.prazskybarcamp.cz\/blog\/wp-json\/wp\/v2\/types\/post"}],"author":[{"embeddable":true,"href":"https:\/\/www.prazskybarcamp.cz\/blog\/wp-json\/wp\/v2\/users\/2"}],"replies":[{"embeddable":true,"href":"https:\/\/www.prazskybarcamp.cz\/blog\/wp-json\/wp\/v2\/comments?post=23"}],"version-history":[{"count":1,"href":"https:\/\/www.prazskybarcamp.cz\/blog\/wp-json\/wp\/v2\/posts\/23\/revisions"}],"predecessor-version":[{"id":74,"href":"https:\/\/www.prazskybarcamp.cz\/blog\/wp-json\/wp\/v2\/posts\/23\/revisions\/74"}],"wp:attachment":[{"href":"https:\/\/www.prazskybarcamp.cz\/blog\/wp-json\/wp\/v2\/media?parent=23"}],"wp:term":[{"taxonomy":"category","embeddable":true,"href":"https:\/\/www.prazskybarcamp.cz\/blog\/wp-json\/wp\/v2\/categories?post=23"},{"taxonomy":"post_tag","embeddable":true,"href":"https:\/\/www.prazskybarcamp.cz\/blog\/wp-json\/wp\/v2\/tags?post=23"}],"curies":[{"name":"wp","href":"https:\/\/api.w.org\/{rel}","templated":true}]}}