{"id":14,"date":"2019-01-03T00:00:00","date_gmt":"2019-01-02T23:00:00","guid":{"rendered":"https:\/\/www.prazskybarcamp.cz\/blog\/nove-akce-na-leden-2019"},"modified":"2019-02-18T13:36:52","modified_gmt":"2019-02-18T12:36:52","slug":"nove-akce-na-leden-2019","status":"publish","type":"post","link":"https:\/\/www.prazskybarcamp.cz\/blog\/nove-akce-na-leden-2019\/","title":{"rendered":"Nov\u00e9 akce na leden 2019"},"content":{"rendered":"<span class=\"rt-reading-time\" style=\"display: block;\"><span class=\"rt-label rt-prefix\">Doba \u010dten\u00ed: <\/span> <span class=\"rt-time\">&lt; 1<\/span> <span class=\"rt-label rt-postfix\">minuta<\/span><\/span><p><strong>Akce na Leden 2019<\/strong><\/p>\n<p>A je to tady, dal\u0161\u00ed z\u00e1plava akc\u00ed, kter\u00e9 mu\u017eete nav\u0161t\u00edvit v m\u011bs\u00edci lednu.<\/p>\n<p>\n    <\/p>\n<p><strong>\u00davod do programov\u00e1n\u00ed 1<\/strong><\/p>\n<p><a name=\"veletrh-digitalni-kariera-2018\">(5.1 9:30-17:30 Brno)<\/a><\/p>\n<p>L\u00e1k\u00e1 t\u011b programov\u00e1n\u00ed, ale nev\u00ed\u0161, jak za\u010d\u00edt? \u00a0Tady t\u011b provedou prvn\u00edmi kr\u016f\u010dky a zp\u0159\u00edjemn\u00ed prvn\u00ed kontakt s k\u00f3dov\u00e1n\u00edm.<\/p>\n<p>\n    <a href=\"https:\/\/www.czechitas.cz\/en\/calendar\/event\/11382\/\"\/><a href=\"https:\/\/www.czechitas.cz\/en\/calendar\/event\/11382\/\">https:\/\/www.czechitas.cz\/en\/calendar\/event\/11382\/<\/a><\/p>\n<p>\n    <\/p>\n<p><strong>OSOBN\u00cd VIZE \u2013 workshop, jak na to<\/strong><\/p>\n<p>(10.1 9:00-18:00 Praha)<\/p>\n<p>P\u0159ij\u010fte si ujasnit sv\u016fj \u017eivotn\u00ed sm\u011br a jak se k n\u011bmu m\u016f\u017eete posouvat. <strong>\u00a0<\/strong>Osobn\u00ed vize v\u00e1m pom\u016f\u017ee si ut\u0159\u00eddit, jak\u00fd \u017eivot chcete \u017e\u00edt a kde chcete b\u00fdt.<\/p>\n<p>\n    <a href=\"https:\/\/www.hubpraha.cz\/event\/osobni-vize-workshop-jak-na-to\/\"\/><a href=\"https:\/\/www.hubpraha.cz\/event\/osobni-vize-workshop-jak-na-to\/\">https:\/\/www.hubpraha.cz\/event\/osobni-vize-workshop-jak-na-to\/<\/a><\/p>\n<p><strong>\u00a0<\/strong><\/p>\n<p><strong>Lifehacking s DOLLERem<\/strong><\/p>\n<p>(12-13.1 8:30-13:00 Praha)<\/p>\n<p>Ka\u017ed\u00fd z n\u00e1s je st\u00e1le pod n\u011bjak\u00fdm tlakem. Po\u0159\u00e1d po n\u00e1s n\u011bkdo n\u011bco chce. Lep\u0161\u00ed zn\u00e1mky, lep\u0161\u00ed v\u00fdkon, v\u00edce pr\u00e1ce. Tak moc se pak sna\u017e\u00edme, \u017ee zapomeneme sami na sebe. Aby se to nestalo je tady workshop od Dolleru.<\/p>\n<p>\n    <a href=\"https:\/\/www.hubpraha.cz\/event\/lifehacking-s-dollerem\/\"\/><a href=\"https:\/\/www.hubpraha.cz\/event\/lifehacking-s-dollerem\/\">https:\/\/www.hubpraha.cz\/event\/lifehacking-s-dollerem\/<\/a><\/p>\n<p><u>\u00a0<\/u><\/p>\n<p><strong>Tvo\u0159\u00edme weby 2<\/strong><\/p>\n<p>(14. &#8211; 18.1 8:30-13:00 Brno)<\/p>\n<p>Worhshop Jak se nau\u010dit programovat, pracovat s CSS,HTML nebo nasazovat Analytiku do webu. To v\u0161e a mnohem v\u00edce, co se tu m\u016f\u017ee\u0161 nau\u010dit. Tak klikni na odkaz.<\/p>\n<p>\n    <a href=\"https:\/\/www.czechitas.cz\/en\/calendar\/event\/11513\/\"\/><a href=\"https:\/\/www.czechitas.cz\/en\/calendar\/event\/11513\/\">https:\/\/www.czechitas.cz\/en\/calendar\/event\/11513\/<\/a><\/p>\n<p><strong>\u00a0<\/strong><\/p>\n<p><strong>Text, drogy a rock\u2019n\u2019roll. Copywriting, kter\u00fd m\u00e1 koule<\/strong><\/p>\n<p>(15.1 18:00-21:00 Praha)<\/p>\n<p>Co v\u0161e je copywriting, aneb i va\u0161e semin\u00e1rn\u00ed pr\u00e1ce m\u016f\u017ee m\u00edt \u0161\u0165\u00e1vu a po\u0159\u00e1dn\u00fd koule.<\/p>\n<p>\n    <a href=\"https:\/\/www.hubpraha.cz\/event\/text-drogy-a-rocknroll\/\"\/><a href=\"https:\/\/www.hubpraha.cz\/event\/text-drogy-a-rocknroll\/\">https:\/\/www.hubpraha.cz\/event\/text-drogy-a-rocknroll\/<\/a><\/p>\n<p>\n    <\/p>\n<p><strong>Veletrh Digit\u00e1ln\u00ed kariera 2019<\/strong><\/p>\n<p>(19. 1. 9:00-17:00 Praha)<\/p>\n<p>Jedine\u010dn\u00e1 \u0161ance na z\u00edsk\u00e1n\u00ed kontakt\u016f, pozn\u00e1n\u00ed firem, cel\u00e9ho oboru a z\u00edsk\u00e1n\u00ed lep\u0161\u00ed pr\u00e1ce<\/p>\n<p><a href=\"https:\/\/www.digitalnikariera.cz\/\">https:\/\/www.digitalnikariera.cz\/<\/a><\/p>\n<p>\n    <\/p>\n<p><strong>Konference Osobn\u00ed r\u016fst 2019<\/strong><\/p>\n<p>(27. 1. 9:00-17:00 Praha)<\/p>\n<p>T\u00e9mata nej\u00fasp\u011b\u0161n\u011bj\u0161\u00edch rozvojov\u00fdch knih uveden\u00e1 do praxe.<\/p>\n<p><a href=\"https:\/\/www.osobni-rust.com\/konference\/\">https:\/\/www.osobni-rust.com\/konference\/<\/a><\/p>\n<p>\n    <\/p>\n<p><strong>Reshoper 2019<\/strong><\/p>\n<p>(29. 1. 9:00-17:00 Praha)<\/p>\n<p>Veletrh, konference, konzultace zdarma a ve\u010der pln\u00fd z\u00e1bavy. P\u0159ij\u010fte zjistit, jak\u00e9 trendy nyn\u00ed h\u00fdbou sv\u011btem, kde m\u00e1te prostor pro zlep\u0161en\u00ed nebo jak nejl\u00e9pe vy\u0159e\u0161it probl\u00e9my, kter\u00e9 tr\u00e1p\u00ed va\u0161e podnik\u00e1n\u00ed.<\/p>\n<p>\n    <a href=\"https:\/\/www.reshoper.cz\/\"\/><a href=\"https:\/\/www.reshoper.cz\/\">https:\/\/www.reshoper.cz\/<\/a><\/p>\n<p>\n    <\/p>\n<p>U\u017e\u00edjte si akce a v lednu zase ahoj.<\/p>\n<p>Pra\u017esk\u00fd Barcamp.<\/p>\n\r\n\t\t<div class=\"da-reactions-outer TpostID14\">\r\n            \r\n            <div class=\"da-reactions-data da-reactions-container-async center\"\r\n                data-type=\"post\"\r\n                data-id=\"14\"\r\n                data-nonce=\"3cfafadbbd\"\r\n                id=\"da-reactions-slot-post-14\">\r\n                <div class=\"da-reactions-exposed\">\r\n                    <img src=\"https:\/\/www.prazskybarcamp.cz\/blog\/wp-content\/plugins\/da-reactions\/assets\/dist\/loading.svg\" alt=\"Loading spinner\" width=\"64\" height=\"64\" style=\"width:64px; height:64px\" \/>\r\n                <\/div>\r\n            <\/div>\r\n        <\/div>","protected":false},"excerpt":{"rendered":"<p><span class=\"rt-reading-time\" style=\"display: block;\"><span class=\"rt-label rt-prefix\">Doba \u010dten\u00ed: <\/span> <span class=\"rt-time\">&lt; 1<\/span> <span class=\"rt-label rt-postfix\">minuta<\/span><\/span> Akce na Leden 2019 A je to tady, dal\u0161\u00ed z\u00e1plava akc\u00ed, kter\u00e9 mu\u017eete nav\u0161t\u00edvit v m\u011bs\u00edci lednu. \u00davod do programov\u00e1n\u00ed 1 (5.1 9:30-17:30 Brno) L\u00e1k\u00e1 t\u011b programov\u00e1n\u00ed, ale nev\u00ed\u0161, jak za\u010d\u00edt? \u00a0Tady t\u011b provedou prvn\u00edmi kr\u016f\u010dky a zp\u0159\u00edjemn\u00ed prvn\u00ed kontakt s k\u00f3dov\u00e1n\u00edm. https:\/\/www.czechitas.cz\/en\/calendar\/event\/11382\/ OSOBN\u00cd VIZE \u2013 workshop, jak na to (10.1 9:00-18:00 Praha) P\u0159ij\u010fte si [&hellip;]<\/p>\n\r\n\t\t<div class=\"da-reactions-outer TpostID14\">\r\n            \r\n            <div class=\"da-reactions-data da-reactions-container-async center\"\r\n                data-type=\"post\"\r\n                data-id=\"14\"\r\n                data-nonce=\"3cfafadbbd\"\r\n                id=\"da-reactions-slot-post-14\">\r\n                <div class=\"da-reactions-exposed\">\r\n                    <img src=\"https:\/\/www.prazskybarcamp.cz\/blog\/wp-content\/plugins\/da-reactions\/assets\/dist\/loading.svg\" alt=\"Loading spinner\" width=\"64\" height=\"64\" style=\"width:64px; height:64px\" \/>\r\n                <\/div>\r\n            <\/div>\r\n        <\/div>","protected":false},"author":2,"featured_media":0,"comment_status":"closed","ping_status":"closed","sticky":false,"template":"","format":"standard","meta":[],"categories":[1],"tags":[],"yoast_head":"<!-- This site is optimized with the Yoast SEO plugin v18.1 - https:\/\/yoast.com\/wordpress\/plugins\/seo\/ -->\n<title>Nov\u00e9 akce na leden 2019 - Prazsky Barcamp<\/title>\n<meta name=\"robots\" content=\"index, follow, max-snippet:-1, max-image-preview:large, max-video-preview:-1\" \/>\n<link rel=\"canonical\" href=\"https:\/\/www.prazskybarcamp.cz\/blog\/nove-akce-na-leden-2019\/\" \/>\n<meta property=\"og:locale\" content=\"cs_CZ\" \/>\n<meta property=\"og:type\" content=\"article\" \/>\n<meta property=\"og:title\" content=\"Nov\u00e9 akce na leden 2019 - Prazsky Barcamp\" \/>\n<meta property=\"og:description\" content=\"Doba \u010dten\u00ed: &lt; 1 minuta Akce na Leden 2019 A je to tady, dal\u0161\u00ed z\u00e1plava akc\u00ed, kter\u00e9 mu\u017eete nav\u0161t\u00edvit v m\u011bs\u00edci lednu. \u00davod do programov\u00e1n\u00ed 1 (5.1 9:30-17:30 Brno) L\u00e1k\u00e1 t\u011b programov\u00e1n\u00ed, ale nev\u00ed\u0161, jak za\u010d\u00edt? \u00a0Tady t\u011b provedou prvn\u00edmi kr\u016f\u010dky a zp\u0159\u00edjemn\u00ed prvn\u00ed kontakt s k\u00f3dov\u00e1n\u00edm. https:\/\/www.czechitas.cz\/en\/calendar\/event\/11382\/ OSOBN\u00cd VIZE \u2013 workshop, jak na to (10.1 9:00-18:00 Praha) P\u0159ij\u010fte si [&hellip;]\" \/>\n<meta property=\"og:url\" content=\"https:\/\/www.prazskybarcamp.cz\/blog\/nove-akce-na-leden-2019\/\" \/>\n<meta property=\"og:site_name\" content=\"Prazsky Barcamp\" \/>\n<meta property=\"article:publisher\" content=\"https:\/\/www.facebook.com\/prazskybarcamp\" \/>\n<meta property=\"article:published_time\" content=\"2019-01-02T23:00:00+00:00\" \/>\n<meta property=\"article:modified_time\" content=\"2019-02-18T12:36:52+00:00\" \/>\n<meta name=\"twitter:card\" content=\"summary_large_image\" \/>\n<meta name=\"twitter:creator\" content=\"@prazskybarcamp\" \/>\n<meta name=\"twitter:site\" content=\"@prazskybarcamp\" \/>\n<meta name=\"twitter:label1\" content=\"Napsal(a)\" \/>\n\t<meta name=\"twitter:data1\" content=\"Pavel Kos\u00edk\" \/>\n\t<meta name=\"twitter:label2\" content=\"Odhadovan\u00e1 doba \u010dten\u00ed\" \/>\n\t<meta name=\"twitter:data2\" content=\"2 minuty\" \/>\n<script type=\"application\/ld+json\" class=\"yoast-schema-graph\">{\"@context\":\"https:\/\/schema.org\",\"@graph\":[{\"@type\":\"Organization\",\"@id\":\"https:\/\/www.prazskybarcamp.cz\/blog\/#organization\",\"name\":\"Pra\u017esk\u00fd Barcamp\",\"url\":\"https:\/\/www.prazskybarcamp.cz\/blog\/\",\"sameAs\":[\"https:\/\/www.facebook.com\/prazskybarcamp\",\"https:\/\/www.instagram.com\/prazsky_barcamp\/\",\"https:\/\/www.linkedin.com\/company\/12614304\/admin\/\",\"https:\/\/www.youtube.com\/c\/Pra\u017esk\u00fdBarcamp\",\"https:\/\/twitter.com\/prazskybarcamp\"],\"logo\":{\"@type\":\"ImageObject\",\"@id\":\"https:\/\/www.prazskybarcamp.cz\/blog\/#logo\",\"inLanguage\":\"cs\",\"url\":\"https:\/\/www.prazskybarcamp.cz\/blog\/wp-content\/uploads\/2020\/05\/BC_barva-1.png\",\"contentUrl\":\"https:\/\/www.prazskybarcamp.cz\/blog\/wp-content\/uploads\/2020\/05\/BC_barva-1.png\",\"width\":1324,\"height\":521,\"caption\":\"Pra\u017esk\u00fd Barcamp\"},\"image\":{\"@id\":\"https:\/\/www.prazskybarcamp.cz\/blog\/#logo\"}},{\"@type\":\"WebSite\",\"@id\":\"https:\/\/www.prazskybarcamp.cz\/blog\/#website\",\"url\":\"https:\/\/www.prazskybarcamp.cz\/blog\/\",\"name\":\"Pra\u017esk\u00fd Barcamp\",\"description\":\"Blog slou\u017e\u00edc\u00ed student\u016fm st\u0159edn\u00ed \u0161koly k rychlej\u0161\u00edmu zji\u0161t\u011bn\u00ed, co je bav\u00ed a v \u010dem maj\u00ed sv\u00e9 vlohy a d\u00edky tomu jsou schopni rychlej\u0161\u00edho zapojen\u00ed na trhu pr\u00e1ce.\",\"publisher\":{\"@id\":\"https:\/\/www.prazskybarcamp.cz\/blog\/#organization\"},\"potentialAction\":[{\"@type\":\"SearchAction\",\"target\":{\"@type\":\"EntryPoint\",\"urlTemplate\":\"https:\/\/www.prazskybarcamp.cz\/blog\/?s={search_term_string}\"},\"query-input\":\"required name=search_term_string\"}],\"inLanguage\":\"cs\"},{\"@type\":\"WebPage\",\"@id\":\"https:\/\/www.prazskybarcamp.cz\/blog\/nove-akce-na-leden-2019\/#webpage\",\"url\":\"https:\/\/www.prazskybarcamp.cz\/blog\/nove-akce-na-leden-2019\/\",\"name\":\"Nov\u00e9 akce na leden 2019 - Prazsky Barcamp\",\"isPartOf\":{\"@id\":\"https:\/\/www.prazskybarcamp.cz\/blog\/#website\"},\"datePublished\":\"2019-01-02T23:00:00+00:00\",\"dateModified\":\"2019-02-18T12:36:52+00:00\",\"breadcrumb\":{\"@id\":\"https:\/\/www.prazskybarcamp.cz\/blog\/nove-akce-na-leden-2019\/#breadcrumb\"},\"inLanguage\":\"cs\",\"potentialAction\":[{\"@type\":\"ReadAction\",\"target\":[\"https:\/\/www.prazskybarcamp.cz\/blog\/nove-akce-na-leden-2019\/\"]}]},{\"@type\":\"BreadcrumbList\",\"@id\":\"https:\/\/www.prazskybarcamp.cz\/blog\/nove-akce-na-leden-2019\/#breadcrumb\",\"itemListElement\":[{\"@type\":\"ListItem\",\"position\":1,\"name\":\"Dom\u016f\",\"item\":\"https:\/\/www.prazskybarcamp.cz\/blog\/\"},{\"@type\":\"ListItem\",\"position\":2,\"name\":\"Nov\u00e9 akce na leden 2019\"}]},{\"@type\":\"Article\",\"@id\":\"https:\/\/www.prazskybarcamp.cz\/blog\/nove-akce-na-leden-2019\/#article\",\"isPartOf\":{\"@id\":\"https:\/\/www.prazskybarcamp.cz\/blog\/nove-akce-na-leden-2019\/#webpage\"},\"author\":{\"@id\":\"https:\/\/www.prazskybarcamp.cz\/blog\/#\/schema\/person\/656cd128d835a2d0137aee64e3afc315\"},\"headline\":\"Nov\u00e9 akce na leden 2019\",\"datePublished\":\"2019-01-02T23:00:00+00:00\",\"dateModified\":\"2019-02-18T12:36:52+00:00\",\"mainEntityOfPage\":{\"@id\":\"https:\/\/www.prazskybarcamp.cz\/blog\/nove-akce-na-leden-2019\/#webpage\"},\"wordCount\":386,\"publisher\":{\"@id\":\"https:\/\/www.prazskybarcamp.cz\/blog\/#organization\"},\"inLanguage\":\"cs\"},{\"@type\":\"Person\",\"@id\":\"https:\/\/www.prazskybarcamp.cz\/blog\/#\/schema\/person\/656cd128d835a2d0137aee64e3afc315\",\"name\":\"Pavel Kos\u00edk\",\"image\":{\"@type\":\"ImageObject\",\"@id\":\"https:\/\/www.prazskybarcamp.cz\/blog\/#personlogo\",\"inLanguage\":\"cs\",\"url\":\"https:\/\/secure.gravatar.com\/avatar\/dec82ab170618be17b8408f3f85b13e4?s=96&d=mm&r=g\",\"contentUrl\":\"https:\/\/secure.gravatar.com\/avatar\/dec82ab170618be17b8408f3f85b13e4?s=96&d=mm&r=g\",\"caption\":\"Pavel Kos\u00edk\"},\"url\":\"https:\/\/www.prazskybarcamp.cz\/blog\/author\/kosik-paseznam-cz\/\"}]}<\/script>\n<!-- \/ Yoast SEO plugin. -->","yoast_head_json":{"title":"Nov\u00e9 akce na leden 2019 - Prazsky Barcamp","robots":{"index":"index","follow":"follow","max-snippet":"max-snippet:-1","max-image-preview":"max-image-preview:large","max-video-preview":"max-video-preview:-1"},"canonical":"https:\/\/www.prazskybarcamp.cz\/blog\/nove-akce-na-leden-2019\/","og_locale":"cs_CZ","og_type":"article","og_title":"Nov\u00e9 akce na leden 2019 - Prazsky Barcamp","og_description":"Doba \u010dten\u00ed: &lt; 1 minuta Akce na Leden 2019 A je to tady, dal\u0161\u00ed z\u00e1plava akc\u00ed, kter\u00e9 mu\u017eete nav\u0161t\u00edvit v m\u011bs\u00edci lednu. \u00davod do programov\u00e1n\u00ed 1 (5.1 9:30-17:30 Brno) L\u00e1k\u00e1 t\u011b programov\u00e1n\u00ed, ale nev\u00ed\u0161, jak za\u010d\u00edt? \u00a0Tady t\u011b provedou prvn\u00edmi kr\u016f\u010dky a zp\u0159\u00edjemn\u00ed prvn\u00ed kontakt s k\u00f3dov\u00e1n\u00edm. https:\/\/www.czechitas.cz\/en\/calendar\/event\/11382\/ OSOBN\u00cd VIZE \u2013 workshop, jak na to (10.1 9:00-18:00 Praha) P\u0159ij\u010fte si [&hellip;]","og_url":"https:\/\/www.prazskybarcamp.cz\/blog\/nove-akce-na-leden-2019\/","og_site_name":"Prazsky Barcamp","article_publisher":"https:\/\/www.facebook.com\/prazskybarcamp","article_published_time":"2019-01-02T23:00:00+00:00","article_modified_time":"2019-02-18T12:36:52+00:00","twitter_card":"summary_large_image","twitter_creator":"@prazskybarcamp","twitter_site":"@prazskybarcamp","twitter_misc":{"Napsal(a)":"Pavel Kos\u00edk","Odhadovan\u00e1 doba \u010dten\u00ed":"2 minuty"},"schema":{"@context":"https:\/\/schema.org","@graph":[{"@type":"Organization","@id":"https:\/\/www.prazskybarcamp.cz\/blog\/#organization","name":"Pra\u017esk\u00fd Barcamp","url":"https:\/\/www.prazskybarcamp.cz\/blog\/","sameAs":["https:\/\/www.facebook.com\/prazskybarcamp","https:\/\/www.instagram.com\/prazsky_barcamp\/","https:\/\/www.linkedin.com\/company\/12614304\/admin\/","https:\/\/www.youtube.com\/c\/Pra\u017esk\u00fdBarcamp","https:\/\/twitter.com\/prazskybarcamp"],"logo":{"@type":"ImageObject","@id":"https:\/\/www.prazskybarcamp.cz\/blog\/#logo","inLanguage":"cs","url":"https:\/\/www.prazskybarcamp.cz\/blog\/wp-content\/uploads\/2020\/05\/BC_barva-1.png","contentUrl":"https:\/\/www.prazskybarcamp.cz\/blog\/wp-content\/uploads\/2020\/05\/BC_barva-1.png","width":1324,"height":521,"caption":"Pra\u017esk\u00fd Barcamp"},"image":{"@id":"https:\/\/www.prazskybarcamp.cz\/blog\/#logo"}},{"@type":"WebSite","@id":"https:\/\/www.prazskybarcamp.cz\/blog\/#website","url":"https:\/\/www.prazskybarcamp.cz\/blog\/","name":"Pra\u017esk\u00fd Barcamp","description":"Blog slou\u017e\u00edc\u00ed student\u016fm st\u0159edn\u00ed \u0161koly k rychlej\u0161\u00edmu zji\u0161t\u011bn\u00ed, co je bav\u00ed a v \u010dem maj\u00ed sv\u00e9 vlohy a d\u00edky tomu jsou schopni rychlej\u0161\u00edho zapojen\u00ed na trhu pr\u00e1ce.","publisher":{"@id":"https:\/\/www.prazskybarcamp.cz\/blog\/#organization"},"potentialAction":[{"@type":"SearchAction","target":{"@type":"EntryPoint","urlTemplate":"https:\/\/www.prazskybarcamp.cz\/blog\/?s={search_term_string}"},"query-input":"required name=search_term_string"}],"inLanguage":"cs"},{"@type":"WebPage","@id":"https:\/\/www.prazskybarcamp.cz\/blog\/nove-akce-na-leden-2019\/#webpage","url":"https:\/\/www.prazskybarcamp.cz\/blog\/nove-akce-na-leden-2019\/","name":"Nov\u00e9 akce na leden 2019 - Prazsky Barcamp","isPartOf":{"@id":"https:\/\/www.prazskybarcamp.cz\/blog\/#website"},"datePublished":"2019-01-02T23:00:00+00:00","dateModified":"2019-02-18T12:36:52+00:00","breadcrumb":{"@id":"https:\/\/www.prazskybarcamp.cz\/blog\/nove-akce-na-leden-2019\/#breadcrumb"},"inLanguage":"cs","potentialAction":[{"@type":"ReadAction","target":["https:\/\/www.prazskybarcamp.cz\/blog\/nove-akce-na-leden-2019\/"]}]},{"@type":"BreadcrumbList","@id":"https:\/\/www.prazskybarcamp.cz\/blog\/nove-akce-na-leden-2019\/#breadcrumb","itemListElement":[{"@type":"ListItem","position":1,"name":"Dom\u016f","item":"https:\/\/www.prazskybarcamp.cz\/blog\/"},{"@type":"ListItem","position":2,"name":"Nov\u00e9 akce na leden 2019"}]},{"@type":"Article","@id":"https:\/\/www.prazskybarcamp.cz\/blog\/nove-akce-na-leden-2019\/#article","isPartOf":{"@id":"https:\/\/www.prazskybarcamp.cz\/blog\/nove-akce-na-leden-2019\/#webpage"},"author":{"@id":"https:\/\/www.prazskybarcamp.cz\/blog\/#\/schema\/person\/656cd128d835a2d0137aee64e3afc315"},"headline":"Nov\u00e9 akce na leden 2019","datePublished":"2019-01-02T23:00:00+00:00","dateModified":"2019-02-18T12:36:52+00:00","mainEntityOfPage":{"@id":"https:\/\/www.prazskybarcamp.cz\/blog\/nove-akce-na-leden-2019\/#webpage"},"wordCount":386,"publisher":{"@id":"https:\/\/www.prazskybarcamp.cz\/blog\/#organization"},"inLanguage":"cs"},{"@type":"Person","@id":"https:\/\/www.prazskybarcamp.cz\/blog\/#\/schema\/person\/656cd128d835a2d0137aee64e3afc315","name":"Pavel Kos\u00edk","image":{"@type":"ImageObject","@id":"https:\/\/www.prazskybarcamp.cz\/blog\/#personlogo","inLanguage":"cs","url":"https:\/\/secure.gravatar.com\/avatar\/dec82ab170618be17b8408f3f85b13e4?s=96&d=mm&r=g","contentUrl":"https:\/\/secure.gravatar.com\/avatar\/dec82ab170618be17b8408f3f85b13e4?s=96&d=mm&r=g","caption":"Pavel Kos\u00edk"},"url":"https:\/\/www.prazskybarcamp.cz\/blog\/author\/kosik-paseznam-cz\/"}]}},"_links":{"self":[{"href":"https:\/\/www.prazskybarcamp.cz\/blog\/wp-json\/wp\/v2\/posts\/14"}],"collection":[{"href":"https:\/\/www.prazskybarcamp.cz\/blog\/wp-json\/wp\/v2\/posts"}],"about":[{"href":"https:\/\/www.prazskybarcamp.cz\/blog\/wp-json\/wp\/v2\/types\/post"}],"author":[{"embeddable":true,"href":"https:\/\/www.prazskybarcamp.cz\/blog\/wp-json\/wp\/v2\/users\/2"}],"replies":[{"embeddable":true,"href":"https:\/\/www.prazskybarcamp.cz\/blog\/wp-json\/wp\/v2\/comments?post=14"}],"version-history":[{"count":1,"href":"https:\/\/www.prazskybarcamp.cz\/blog\/wp-json\/wp\/v2\/posts\/14\/revisions"}],"predecessor-version":[{"id":83,"href":"https:\/\/www.prazskybarcamp.cz\/blog\/wp-json\/wp\/v2\/posts\/14\/revisions\/83"}],"wp:attachment":[{"href":"https:\/\/www.prazskybarcamp.cz\/blog\/wp-json\/wp\/v2\/media?parent=14"}],"wp:term":[{"taxonomy":"category","embeddable":true,"href":"https:\/\/www.prazskybarcamp.cz\/blog\/wp-json\/wp\/v2\/categories?post=14"},{"taxonomy":"post_tag","embeddable":true,"href":"https:\/\/www.prazskybarcamp.cz\/blog\/wp-json\/wp\/v2\/tags?post=14"}],"curies":[{"name":"wp","href":"https:\/\/api.w.org\/{rel}","templated":true}]}}